{"id":595821,"date":"2025-12-12T23:44:13","date_gmt":"2025-12-12T23:44:13","guid":{"rendered":"https:\/\/www.europesays.com\/fr\/595821\/"},"modified":"2025-12-12T23:44:13","modified_gmt":"2025-12-12T23:44:13","slug":"qui-est-le-rappeur-masque-esdeekid-timothee-chalamet-repond-aux-rumeurs-2","status":"publish","type":"post","link":"https:\/\/www.europesays.com\/fr\/595821\/","title":{"rendered":"Qui est le rappeur masqu\u00e9 EsDeeKid ? Timoth\u00e9e Chalamet r\u00e9pond aux rumeurs"},"content":{"rendered":"<p class=\"mb-4 text-lg md:leading-8 break-words\">Timoth\u00e9e Chalamet a cultiv\u00e9 le suspense autour de l\u2019identit\u00e9 d\u2019EsDeeKid, un rappeur masqu\u00e9 britannique dont seuls les yeux sont visibles en public. Certains pensent en effet <a data-i13n=\"cpos:1;pos:1\" href=\"https:\/\/www.20minutes.fr\/arts-stars\/people\/4187146-20251121-timothee-chalamet-cache-derriere-rappeur-masque-esdeekid?at_medium=RSS%20feed&amp;at_campaign=ynews&amp;utm_source=yahoo&amp;utm_medium=rss&amp;utm_campaign=news_feed&amp;utm_content=in_article_link\" rel=\"nofollow noopener\" target=\"_blank\" data-ylk=\"slk:qu\u2019ils ne sont qu\u2019une seule et m\u00eame personne;cpos:1;pos:1;elm:context_link;itc:0;sec:content-canvas\" class=\"link \">qu\u2019ils ne sont qu\u2019une seule et m\u00eame personne<\/a> ! Selon plusieurs internautes, le rappeur et l\u2019acteur de <a data-i13n=\"cpos:2;pos:1\" href=\"https:\/\/www.20minutes.fr\/arts-stars\/people\/4190615-20251209-timothee-chalamet-kylie-jenner-font-taire-rumeurs-rupture-avant-premiere-marty-supreme?at_medium=RSS%20feed&amp;at_campaign=ynews&amp;utm_source=yahoo&amp;utm_medium=rss&amp;utm_campaign=news_feed&amp;utm_content=in_article_link\" rel=\"nofollow noopener\" target=\"_blank\" data-ylk=\"slk:Marty Supreme;cpos:2;pos:1;elm:context_link;itc:0;sec:content-canvas\" class=\"link \">Marty Supreme<\/a> ont le m\u00eame regard. De plus, le com\u00e9dien de 29 ans n\u2019a jamais cach\u00e9 son go\u00fbt pour le rap, s\u2019y essayant m\u00eame sous le pseudonyme \u00ab Lil Timmy Tim \u00bb lorsqu\u2019il \u00e9tait adolescent.<\/p>\n<p class=\"mb-4 text-lg md:leading-8 break-words\">La star et le rappeur n\u2019ont pas non plus r\u00e9pondu \u00e0 ces sp\u00e9culations autour de l\u2019identit\u00e9 d\u2019EsDeeKid. Du moins jusqu\u2019\u00e0 r\u00e9cemment, puisque Timoth\u00e9e Chalamet a \u00e9t\u00e9 pris au d\u00e9pourvu par une question \u00e0 ce sujet cette semaine \u00e0 l\u2019antenne de Heart Radio au Royaume-Uni.<\/p>\n<p class=\"mb-4 text-lg md:leading-8 break-words\">\u00ab Je n\u2019ai rien \u00e0 dire l\u00e0-dessus \u00bb, a-t-il r\u00e9pondu, avant de changer d\u2019avis et d\u2019offrir \u00ab deux mots \u00bb &#8211; ou plut\u00f4t six &#8211; \u00e0 ce sujet.<\/p>\n<p>\u00ab Lil Timmy Tim \u00bb<\/p>\n<p class=\"mb-4 text-lg md:leading-8 break-words\">\u00ab Tout sera r\u00e9v\u00e9l\u00e9 en temps voulu \u00bb, a-t-il ajout\u00e9 apr\u00e8s une pause. Dans les commentaires de cet extrait de l\u2019interview sur le compte Instagram de la radio, certains internautes se sont montr\u00e9s cat\u00e9goriques : la r\u00e9ponse vague et le comportement h\u00e9sitant de l\u2019acteur confirment leur hypoth\u00e8se. \u00ab Eh bien, c\u2019est la seule confirmation dont j\u2019avais besoin \u00bb, a \u00e9crit l\u2019un d\u2019entre eux. D\u2019autres, encore h\u00e9sitants, se sont dits ravis de voir l\u2019artiste pr\u00e9server le suspense, quelle que soit la v\u00e9rit\u00e9. \u00ab Il sait qu\u2019on a besoin de myst\u00e8re \u00bb, peut-on lire.<\/p>\n<p class=\"mb-4 text-lg md:leading-8 break-words\">Certains indices n\u2019ont pas non plus \u00e9chapp\u00e9 aux animateurs de Heart Radio,(&#8230;)<\/p>\n<p class=\"mb-4 text-lg md:leading-8 break-words\"><a data-i13n=\"cpos:3;pos:1\" href=\"https:\/\/www.20minutes.fr\/arts-stars\/people\/4191257-20251212-rappeur-masque-esdeekid-timothee-chalamet-repond-rumeurs?at_medium=RSS%20feed&amp;at_campaign=ynews&amp;utm_source=yahoo&amp;utm_medium=rss&amp;utm_campaign=news_feed&amp;utm_content=read_more_link%22\" rel=\"nofollow noopener\" target=\"_blank\" data-ylk=\"slk:Lire la suite sur 20minutes;cpos:3;pos:1;elm:context_link;itc:0;sec:content-canvas\" class=\"link \">Lire la suite sur 20minutes<\/a><\/p>\n<p>\u00c0 lire aussi :<br \/><a data-i13n=\"cpos:4;pos:1\" href=\"https:\/\/www.20minutes.fr\/arts-stars\/culture\/4187285-20251122-clash-mbappe-orelsan-rappeur-repond-enfin-footballeur-drole?at_medium=RSS%20feed&amp;at_campaign=ynews&amp;utm_source=yahoo&amp;utm_medium=rss&amp;utm_campaign=news_feed&amp;utm_content=related_content_link\" rel=\"nofollow noopener\" target=\"_blank\" data-ylk=\"slk:Clash Mbapp\u00e9 - Orelsan : Le rappeur r\u00e9pond enfin au footballeur (et c\u2019est dr\u00f4le);cpos:4;pos:1;elm:context_link;itc:0;sec:content-canvas\" class=\"link \">Clash Mbapp\u00e9 &#8211; Orelsan : Le rappeur r\u00e9pond enfin au footballeur (et c\u2019est dr\u00f4le)<\/a><\/p>\n","protected":false},"excerpt":{"rendered":"Timoth\u00e9e Chalamet a cultiv\u00e9 le suspense autour de l\u2019identit\u00e9 d\u2019EsDeeKid, un rappeur masqu\u00e9 britannique dont seuls les yeux&hellip;\n","protected":false},"author":2,"featured_media":595822,"comment_status":"","ping_status":"","sticky":false,"template":"","format":"standard","meta":{"footnotes":""},"categories":[1355],"tags":[58,59,1011,27,70851,1361,873,6198,70850,13427],"class_list":{"0":"post-595821","1":"post","2":"type-post","3":"status-publish","4":"format-standard","5":"has-post-thumbnail","7":"category-musique","8":"tag-divertissement","9":"tag-entertainment","10":"tag-fr","11":"tag-france","12":"tag-marty-supreme","13":"tag-music","14":"tag-musique","15":"tag-rappeur","16":"tag-timmy-tim","17":"tag-timothee-chalamet"},"share_on_mastodon":{"url":"https:\/\/pubeurope.com\/@fr\/115709258324570464","error":""},"_links":{"self":[{"href":"https:\/\/www.europesays.com\/fr\/wp-json\/wp\/v2\/posts\/595821","targetHints":{"allow":["GET"]}}],"collection":[{"href":"https:\/\/www.europesays.com\/fr\/wp-json\/wp\/v2\/posts"}],"about":[{"href":"https:\/\/www.europesays.com\/fr\/wp-json\/wp\/v2\/types\/post"}],"author":[{"embeddable":true,"href":"https:\/\/www.europesays.com\/fr\/wp-json\/wp\/v2\/users\/2"}],"replies":[{"embeddable":true,"href":"https:\/\/www.europesays.com\/fr\/wp-json\/wp\/v2\/comments?post=595821"}],"version-history":[{"count":0,"href":"https:\/\/www.europesays.com\/fr\/wp-json\/wp\/v2\/posts\/595821\/revisions"}],"wp:featuredmedia":[{"embeddable":true,"href":"https:\/\/www.europesays.com\/fr\/wp-json\/wp\/v2\/media\/595822"}],"wp:attachment":[{"href":"https:\/\/www.europesays.com\/fr\/wp-json\/wp\/v2\/media?parent=595821"}],"wp:term":[{"taxonomy":"category","embeddable":true,"href":"https:\/\/www.europesays.com\/fr\/wp-json\/wp\/v2\/categories?post=595821"},{"taxonomy":"post_tag","embeddable":true,"href":"https:\/\/www.europesays.com\/fr\/wp-json\/wp\/v2\/tags?post=595821"}],"curies":[{"name":"wp","href":"https:\/\/api.w.org\/{rel}","templated":true}]}}