{"id":595825,"date":"2025-12-12T23:46:22","date_gmt":"2025-12-12T23:46:22","guid":{"rendered":"https:\/\/www.europesays.com\/fr\/595825\/"},"modified":"2025-12-12T23:46:22","modified_gmt":"2025-12-12T23:46:22","slug":"alsace-la-vague-de-bronchiolite-et-de-grippe-met-les-hopitaux-en-tension","status":"publish","type":"post","link":"https:\/\/www.europesays.com\/fr\/595825\/","title":{"rendered":"Alsace. La vague de bronchiolite et de grippe met les h\u00f4pitaux en tension"},"content":{"rendered":"<p>Aux urgences p\u00e9diatriques de Strasbourg, l\u2019\u00e9pid\u00e9mie de bronchiolite est active depuis deux semaines et \u00ab\u00a0la courbe est toujours ascendante\u00a0\u00bb, observe le chef de service Dimitar Tchomakov. Les \u00e9quipes voient affluer les nourrissons touch\u00e9s par le virus respiratoire syncytial (VRS), tandis que les cas de grippe progressent \u00e9galement.\u00a0Environ 130 enfants se pr\u00e9sentent chaque jour aux urgences. \u00ab\u00a0Entre 5 et 10 d\u2019entre eux doivent \u00eatre hospitalis\u00e9s car ils ont besoin d\u2019une assistance respiratoire ou \u00e0 l\u2019alimentation\u00a0\u00bb, poursuit-il.<\/p>\n<p>\u00c0 Mulhouse, les urgences de l\u2019h\u00f4pital m\u00e8re-enfant enregistrent 90 \u00e0 110 passages quotidiens, dont la moiti\u00e9 pour des infections saisonni\u00e8res. Dans la nuit de jeudi\u00a011 \u00e0 vendredi 12\u00a0d\u00e9cembre, huit enfants gripp\u00e9s et 15 cas de VRS ont \u00e9t\u00e9 pris en charge\u00a0; 20\u00a0% ont n\u00e9cessit\u00e9 une hospitalisation.<\/p>\n<p>Selon Sant\u00e9 publique France, la bronchiolite repr\u00e9sentait la semaine derni\u00e8re 18\u00a0% des passages aux urgences et 10\u00a0% des consultations SOS m\u00e9decins chez les moins de 1 an dans le Grand Est.<\/p>\n<p>  Pas de plan blanc<\/p>\n<p><a href=\"https:\/\/www.lalsace.fr\/sante\/2025\/12\/10\/les-epidemies-de-grippe-et-de-bronchiolite-ont-gagne-toute-la-metropole-seule-la-corse-resiste\" target=\"_blank\" rel=\"noopener\">Cette flamb\u00e9e saisonni\u00e8re<\/a> met \u00e0 rude \u00e9preuve les capacit\u00e9s hospitali\u00e8res. \u00c0 Mulhouse, \u00ab\u00a0la situation est tendue au niveau de nos\u00a054 lits, mais nous tenons le coup. Nous n\u2019avons pas besoin d\u2019ouvrir de lits suppl\u00e9mentaires et de d\u00e9clencher de plan blanc\u00a0\u00bb, indique la Dr No\u00eblle Lachauss\u00e9e, cheffe de la p\u00e9diatrie g\u00e9n\u00e9rale.<\/p>\n<p>\u00c0 Strasbourg, la situation est plus critique. Aucune ouverture de lit n\u2019est possible. \u00ab\u00a0Nous nous d\u00e9brouillons. Des hospitalisations programm\u00e9es sont d\u00e9cal\u00e9es. Les 19 lits pour nourrissons sont en grande partie occup\u00e9s par des pathologies lourdes. Tous les jours, des enfants attendent des heures avant d\u2019avoir un lit, souligne Dimitar Tchomakov. Des transferts vers Haguenau, Saverne, S\u00e9lestat ou Colmar sont envisageables mais n\u2019ont pas encore \u00e9t\u00e9 n\u00e9cessaires.\u00a0\u00bb<\/p>\n<p>Les \u00e9quipes notent toutefois les b\u00e9n\u00e9fices de la <a href=\"https:\/\/www.lalsace.fr\/magazine-sante\/2025\/12\/09\/epidemie-de-bronchiolite-comment-proteger-votre-bebe\" target=\"_blank\" rel=\"noopener\">pr\u00e9vention<\/a> \u00a0avec le vaccin anti-VRS pour les femmes enceintes et les anticorps monoclonaux propos\u00e9s depuis septembre aux nourrissons. \u00ab\u00a0On a connu pire. Nous recevons moins de tout-petits et les formes sont moins graves\u00a0\u00bb, constate la p\u00e9diatre No\u00eblle Lachauss\u00e9e. Les soignants rappellent aussi que la vaccination antigrippale des 2 \u2013 17 ans est rembours\u00e9e, et appellent \u00e0 maintenir les gestes barri\u00e8res.<\/p>\n<p>Tous esp\u00e8rent que les vacances scolaires freineront la circulation des virus.<\/p>\n","protected":false},"excerpt":{"rendered":"Aux urgences p\u00e9diatriques de Strasbourg, l\u2019\u00e9pid\u00e9mie de bronchiolite est active depuis deux semaines et \u00ab\u00a0la courbe est toujours&hellip;\n","protected":false},"author":2,"featured_media":595826,"comment_status":"","ping_status":"","sticky":false,"template":"","format":"standard","meta":{"footnotes":""},"categories":[10],"tags":[2389,107,1011,27,72,5362,224,71],"class_list":{"0":"post-595825","1":"post","2":"type-post","3":"status-publish","4":"format-standard","5":"has-post-thumbnail","7":"category-sante","8":"tag-alsace","9":"tag-fil-info","10":"tag-fr","11":"tag-france","12":"tag-health","13":"tag-magazine-sante","14":"tag-medecine","15":"tag-sante"},"share_on_mastodon":{"url":"https:\/\/pubeurope.com\/@fr\/115709266229790859","error":""},"_links":{"self":[{"href":"https:\/\/www.europesays.com\/fr\/wp-json\/wp\/v2\/posts\/595825","targetHints":{"allow":["GET"]}}],"collection":[{"href":"https:\/\/www.europesays.com\/fr\/wp-json\/wp\/v2\/posts"}],"about":[{"href":"https:\/\/www.europesays.com\/fr\/wp-json\/wp\/v2\/types\/post"}],"author":[{"embeddable":true,"href":"https:\/\/www.europesays.com\/fr\/wp-json\/wp\/v2\/users\/2"}],"replies":[{"embeddable":true,"href":"https:\/\/www.europesays.com\/fr\/wp-json\/wp\/v2\/comments?post=595825"}],"version-history":[{"count":0,"href":"https:\/\/www.europesays.com\/fr\/wp-json\/wp\/v2\/posts\/595825\/revisions"}],"wp:featuredmedia":[{"embeddable":true,"href":"https:\/\/www.europesays.com\/fr\/wp-json\/wp\/v2\/media\/595826"}],"wp:attachment":[{"href":"https:\/\/www.europesays.com\/fr\/wp-json\/wp\/v2\/media?parent=595825"}],"wp:term":[{"taxonomy":"category","embeddable":true,"href":"https:\/\/www.europesays.com\/fr\/wp-json\/wp\/v2\/categories?post=595825"},{"taxonomy":"post_tag","embeddable":true,"href":"https:\/\/www.europesays.com\/fr\/wp-json\/wp\/v2\/tags?post=595825"}],"curies":[{"name":"wp","href":"https:\/\/api.w.org\/{rel}","templated":true}]}}