{"id":595827,"date":"2025-12-12T23:47:15","date_gmt":"2025-12-12T23:47:15","guid":{"rendered":"https:\/\/www.europesays.com\/fr\/595827\/"},"modified":"2025-12-12T23:47:15","modified_gmt":"2025-12-12T23:47:15","slug":"anthony-lopes-fracasse-le-vestiaire-apres-la-debacle-contre-angers","status":"publish","type":"post","link":"https:\/\/www.europesays.com\/fr\/595827\/","title":{"rendered":"Anthony Lopes fracasse le vestiaire apr\u00e8s la d\u00e9b\u00e2cle contre Angers !"},"content":{"rendered":"<p>Pour la premi\u00e8re d\u2019Ahmed Kantari sur son banc, le FC <a href=\"https:\/\/www.footmercato.net\/club\/fc-nantes\/\" target=\"_blank\" rel=\"noopener\">Nantes<\/a> a encore coul\u00e9. Apr\u00e8s avoir \u00e9t\u00e9 battus par l\u2019OL, puis Lens, les Canaris cumulent une troisi\u00e8me d\u00e9faite de suite apr\u00e8s la semaine compliqu\u00e9e et marqu\u00e9e par le d\u00e9part de Luis Castro. L\u2019ancien coach de Dunkerque \u00e9tait de plus en plus isol\u00e9 au sein du club. La communication avec la direction semblait <a href=\"https:\/\/www.footmercato.net\/a5404296861269373109-fc-nantes-luis-castro-massacre-les-journalistes-en-conference-de-presse\" target=\"_blank\" rel=\"noopener\">toujours plus compliqu\u00e9e, jusqu\u2019au point de rupture<\/a> et il avait \u00e9t\u00e9 remplac\u00e9 par Ahmed Kantari, l\u2019adjoint d\u2019Antoine Kombouar\u00e9 de janvier \u00e0 mai 2025.<\/p>\n<p>            La suite apr\u00e8s cette publicit\u00e9<\/p>\n<p>Mais face au SCO d\u2019Angers, le d\u00e9clic n\u2019aura pas eu lieu et Nantes a rapidement \u00e9t\u00e9 men\u00e9 au score dans cette rencontre, avant de clairement s\u2019\u00e9crouler en fin de partie et conc\u00e9der <a href=\"https:\/\/www.footmercato.net\/a2860364392352411720-ligue-1-pour-la-premiere-dahmed-kantari-nantes-coule-a-angers\" target=\"_blank\" rel=\"noopener\">une triste d\u00e9faite : 4-1<\/a>. Trop faible face \u00e0 une \u00e9quipe angevine de plus en plus en confiance ces derni\u00e8res semaines, Nantes reste donc 17e et avant-dernier et risque de terminer \u00e0 l\u2019issue de la journ\u00e9e en cas de victoire de Metz contre le PSG. Au micro de Ligue 1+, le gardien des Nantais, <a href=\"https:\/\/www.footmercato.net\/joueur\/anthony-lopes\/\" target=\"_blank\" rel=\"noopener\">Anthony Lopes<\/a>, a \u00e9t\u00e9 tr\u00e8s franc face au niveau de jeu propos\u00e9. <\/p>\n<p>        Anthony Lopes n\u2019\u00e9pargne pas ses co\u00e9quipiers<\/p>\n<p>\u00abJe suis d\u00e9sol\u00e9, mais on voulait une \u00e9quipe qui pouvait se maintenir en d\u00e9but de saison, mais ce soir, on n\u2019a pas vu d\u2019\u00e9quipe qui voulait se maintenir. Ce n\u2019est pas pour taper sur qui que ce soit, mais on n\u2019a pas vu une \u00e9quipe <a href=\"https:\/\/www.footmercato.net\/france\/ligue-1\/2025-2026\/classemen\" target=\"_blank\" rel=\"noopener\">qui voulait se maintenir<\/a>\u00bb, a martel\u00e9 le portier canari. \u00abIl y a une grosse frustration sur ce match. Sinc\u00e8rement quand on voit certaines choses, je pense qu\u2019en premi\u00e8re mi-temps il y avait la place de faire quelque chose de mieux (\u2026) Voil\u00e0, il n\u2019y a pas de grand discours \u00e0 faire. Il va falloir se remettre la t\u00eate \u00e0 l\u2019endroit, il y a la Coupe de France dimanche prochain, la tr\u00eave ensuite. On est dans l\u2019urgence, extr\u00eame m\u00eame peut-\u00eatre, mais voil\u00e0, il reste encore plein de matchs, il faut garder cela dans un coin de la t\u00eate\u00bb, a-t-il ajout\u00e9, avant de s\u2019en prendre directement \u00e0 ses partenaires. <\/p>\n<p>            La suite apr\u00e8s cette publicit\u00e9<\/p>\n<p>\u00abIl faut mettre de l\u2019agressivit\u00e9, de l\u2019impact physique. Sur le deuxi\u00e8me but (\u2026) mettre le pied parfois \u00e7a fait du bien. \u00c7a envoie un message \u00e0 l\u2019adversaire. Il y a des choses \u00e0 mettre en place. En 48h, c\u2019est impossible de tout changer. On est des humains, on doit se remettre la t\u00eate \u00e0 l\u2019endroit. Le coach a insist\u00e9 sur l\u2019impact physique, mais aujourd\u2019hui, il n\u2019y avait pas assez d\u2019impact physique pour esp\u00e9rer quoi que ce soit. Il va nous falloir du monde. Je ne sais pas si en restant comme \u00e7a, on peut faire quoi que ce soit. Je pr\u00e9f\u00e8re mettre les pieds dans le plat\u00bb. Une sortie forte de la part du gardien de 35 ans, rejoint par son nouvel entra\u00eeneur Ahmed Kantari, qui a reconnu que ce revers n\u2019\u00e9tait pas un hasard avec cette \u00e9quipe qu\u2019il juge encore malade pour son premier match. \u00abOn sait qu\u2019on est une \u00e9quipe malade, mais il ne faut pas tirer sur l\u2019ambulance. C\u2019est pas un hasard, on a manqu\u00e9 d\u2019intensit\u00e9 et d\u2019impact. Les joueurs, on ne va pas leur tirer dessus, on va discuter avec la direction. Les jeunes, il faut les accompagner, avec des joueurs exp\u00e9riment\u00e9s (\u2026) Il faudra renforcer cette \u00e9quipe, avec de la maturit\u00e9, qui puissent rassurer les joueurs autour d\u2019eux\u00bb. Bref, il faudra du temps avant de voir Nantes se r\u00e9tablir. <\/p>\n<p>\n    Pub. le 12\/12\/2025 23:29<br \/>\n            &#8211; MAJ le 13\/12\/2025 00:00\n    <\/p>\n","protected":false},"excerpt":{"rendered":"Pour la premi\u00e8re d\u2019Ahmed Kantari sur son banc, le FC Nantes a encore coul\u00e9. Apr\u00e8s avoir \u00e9t\u00e9 battus&hellip;\n","protected":false},"author":2,"featured_media":566622,"comment_status":"","ping_status":"","sticky":false,"template":"","format":"standard","meta":{"footnotes":""},"categories":[9],"tags":[1011,27,60],"class_list":{"0":"post-595827","1":"post","2":"type-post","3":"status-publish","4":"format-standard","5":"has-post-thumbnail","7":"category-sports","8":"tag-fr","9":"tag-france","10":"tag-sports"},"share_on_mastodon":{"url":"https:\/\/pubeurope.com\/@fr\/115709270114761104","error":""},"_links":{"self":[{"href":"https:\/\/www.europesays.com\/fr\/wp-json\/wp\/v2\/posts\/595827","targetHints":{"allow":["GET"]}}],"collection":[{"href":"https:\/\/www.europesays.com\/fr\/wp-json\/wp\/v2\/posts"}],"about":[{"href":"https:\/\/www.europesays.com\/fr\/wp-json\/wp\/v2\/types\/post"}],"author":[{"embeddable":true,"href":"https:\/\/www.europesays.com\/fr\/wp-json\/wp\/v2\/users\/2"}],"replies":[{"embeddable":true,"href":"https:\/\/www.europesays.com\/fr\/wp-json\/wp\/v2\/comments?post=595827"}],"version-history":[{"count":0,"href":"https:\/\/www.europesays.com\/fr\/wp-json\/wp\/v2\/posts\/595827\/revisions"}],"wp:featuredmedia":[{"embeddable":true,"href":"https:\/\/www.europesays.com\/fr\/wp-json\/wp\/v2\/media\/566622"}],"wp:attachment":[{"href":"https:\/\/www.europesays.com\/fr\/wp-json\/wp\/v2\/media?parent=595827"}],"wp:term":[{"taxonomy":"category","embeddable":true,"href":"https:\/\/www.europesays.com\/fr\/wp-json\/wp\/v2\/categories?post=595827"},{"taxonomy":"post_tag","embeddable":true,"href":"https:\/\/www.europesays.com\/fr\/wp-json\/wp\/v2\/tags?post=595827"}],"curies":[{"name":"wp","href":"https:\/\/api.w.org\/{rel}","templated":true}]}}