{"id":595830,"date":"2025-12-12T23:50:23","date_gmt":"2025-12-12T23:50:23","guid":{"rendered":"https:\/\/www.europesays.com\/fr\/595830\/"},"modified":"2025-12-12T23:50:23","modified_gmt":"2025-12-12T23:50:23","slug":"voici-les-6-nouveautes-a-connaitre-sur-votre-iphone-frandroid","status":"publish","type":"post","link":"https:\/\/www.europesays.com\/fr\/595830\/","title":{"rendered":"voici les 6 nouveaut\u00e9s \u00e0 conna\u00eetre sur votre iPhone \u2014 Frandroid"},"content":{"rendered":"<p>Vous pensiez avoir fini avec les mises \u00e0 jour pour 2025 ? Rat\u00e9. Apple vient de d\u00e9ployer <strong>iOS 26.2<\/strong> et c\u2019est plus dense qu\u2019il n\u2019y para\u00eet. Au menu : la traduction sur les AirPods qui arrive enfin chez nous, un <strong>Liquid Glass<\/strong> partout et, surtout, des failles de s\u00e9curit\u00e9 critiques \u00e0 combler d\u2019urgence.<\/p>\n<p><a target=\"_blank\" href=\"https:\/\/images.frandroid.com\/wp-content\/uploads\/2025\/12\/ios-262-grande.jpeg\" class=\"article-content__figure\" rel=\"noopener\"><img fetchpriority=\"high\" decoding=\"async\" loading=\"eager\" width=\"1200\" height=\"746\" src=\"https:\/\/www.europesays.com\/fr\/wp-content\/uploads\/2025\/12\/ios-262-grande.jpeg\" alt=\"\" class=\"wp-image-2909357 wp-image wp-image\"  \/><\/a><\/p>\n<p>iOS 26.2 est l\u00e0. On pourrait croire \u00e0 une simple mise \u00e0 jour cosm\u00e9tique pour peaufiner le fameux \u00ab Liquid Glass \u00bb dont Apple nous rabat les oreilles depuis septembre, mais ce serait une erreur. <\/p>\n<p>Cette version 26.2, disponible d\u00e8s maintenant, corrige non seulement <strong>20 failles de s\u00e9curit\u00e9<\/strong> (dont deux activement exploit\u00e9es, on y reviendra), mais elle d\u00e9bloque enfin des fonctionnalit\u00e9s promises il y a six mois pour nous, pauvres Europ\u00e9ens.<\/p>\n<p>La star, c\u2019est \u00e9videmment l\u2019extension du <strong>Liquid Glass<\/strong>. Apple continue d\u2019appliquer cette texture de verre translucide et flout\u00e9e un peu partout. Sur l\u2019\u00e9cran verrouill\u00e9, vous avez maintenant un <strong>curseur d\u00e9di\u00e9<\/strong> pour g\u00e9rer l\u2019opacit\u00e9 de l\u2019horloge. C\u2019est joli, c\u2019est fluide, et les nouvelles animations de rebond donnent un c\u00f4t\u00e9 tr\u00e8s organique \u00e0 l\u2019interface. M\u00eame l\u2019application <strong>Mesure<\/strong> y passe avec un niveau \u00e0 bulle transparent. C\u2019est de la cosm\u00e9tique pure, mais \u00e7a uniformise l\u2019OS.<\/p>\n<p>L\u2019Europe gagne la traduction, mais perd le Wi-Fi<\/p>\n<p>C\u2019est le point le plus important pour nous : la <strong>traduction en direct<\/strong> d\u00e9barque <a href=\"https:\/\/www.frandroid.com\/marques\/apple\/2855455_cette-nouvelle-fonction-des-airpods-debarque-enfin-en-france#:~:text=Commen%C3%A7ons%20par%20le%20positif%20%3A%20la,la%20langue%20de%20votre%20choix.\" target=\"_blank\" rel=\"noopener\">enfin sur les AirPods en Europe.<\/a> Apple avait bloqu\u00e9 la fonction \u00e0 cause du <a href=\"https:\/\/www.frandroid.com\/culture-tech\/politique\/1617637_comment-lue-veut-mettre-fin-aux-abus-des-geants-dinternet-les-gamam#:~:text=D%C3%A9but%20mars%20est%20entr%C3%A9%20en,%2C%20les%20fameux%20%C2%AB%20Gamam%20%C2%BB.\" target=\"_blank\" rel=\"noopener\">DMA (Digital Markets Act)<\/a>, mais les vannes sont ouvertes.<\/p>\n<p>                <img decoding=\"async\" width=\"1200\" height=\"446\" loading=\"lazy\" alt=\"Affiliates_1325x492_Frandroid-Watch\" title=\"Affiliates_1325x492_Frandroid-Watch\" class=\"is-radiusless placeholder-default wp-image\" src=\"https:\/\/www.europesays.com\/fr\/wp-content\/uploads\/2025\/12\/affiliates-1325x492-frandroid-watch-1200x446.jpg\" \/>            <\/p>\n<p>\n                    L\u2019Apple Watch Ultra est \u00e0 prix cass\u00e9                <\/p>\n<p class=\"has-text-weight-medium is-size-6 is-line-height-normal\">\n                    Et si pendant le Black Friday, vous profitiez du reconditionn\u00e9 pour faire encore plus d\u2019\u00e9conomies ? Chez Back Market, l\u2019Apple Watch Ultra co\u00fbte moins de 375 euros avec le code KDO2025, valable sur toutes les montres connect\u00e9es.                <\/p>\n<p class=\"shortcode-container see-more\">\n    Pour aller plus loin<br \/><a href=\"https:\/\/www.frandroid.com\/marques\/apple\/2804979_pourquoi-apple-prive-les-airpods-europeens-de-la-traduction-en-temps-reel\" target=\"_blank\" rel=\"noopener\">Pourquoi Apple prive les AirPods europ\u00e9ens de la traduction en temps r\u00e9el<\/a>\n            <\/p>\n<p>Concr\u00e8tement ? Vous portez vos <strong><a href=\"https:\/\/www.frandroid.com\/guide-dachat\/guide-audio\/482350_quels-sont-les-meilleurs-ecouteurs-true-wireless-a-moins-de-200-euros-en-2018#:~:text=Apple%20AirPods%20Pro%203%20Les%20meilleurs%20%C3%A9couteurs%20pour%20iPhone&amp;text=Les%20AirPods%20Pro%203%20sont%20les%20meilleurs%20%C3%A9couteurs%20sans%20fil%20du%20march%C3%A9.\" target=\"_blank\" rel=\"noopener\">AirPods<\/a> Pro 2, 3 ou 4<\/strong>, vous maintenez les tiges, et l\u2019IA traduit ce que votre interlocuteur raconte directement dans vos oreilles. Le tout fonctionne <strong>hors ligne<\/strong> et en temps r\u00e9el. J\u2019ai pu tester \u00e7a rapidement : c\u2019est bluffant de fluidit\u00e9, m\u00eame si \u00e7a ne remplace pas encore un interpr\u00e8te humain pour les nuances.<\/p>\n<p>Mais attendez. Il y a un revers \u00e0 la m\u00e9daille. Pour se conformer aux r\u00e9gulations, Apple a d\u00e9sactiv\u00e9 <a href=\"https:\/\/www.frandroid.com\/produits-android\/accessoires-objets-connectes\/montres-connectees-2\/2855387_apple-desactive-une-fonction-iphone-watch-en-europe-le-dma-pousse-trop-loin-apple-casse-tout\" target=\"_blank\" rel=\"noopener\">la <strong>synchronisation automatique des r\u00e9seaux Wi-Fi<\/strong><\/a> entre l\u2019iPhone et l\u2019Apple Watch dans l\u2019UE. <\/p>\n<p>Vous connectez votre iPhone au Wi-Fi de l\u2019h\u00f4tel ? Votre montre ne suivra pas. Il faudra taper le mot de passe manuellement sur le petit \u00e9cran de la Watch. <\/p>\n<p>Sommeil et productivit\u00e9 : Apple serre la vis<\/p>\n<p>Vous trouviez que votre Apple Watch \u00e9tait trop gentille avec vos nuits agit\u00e9es ? C\u2019est fini. Avec iOS 26.2 et watchOS 26.2, Apple a <strong>recalibr\u00e9 le score de sommeil<\/strong>.<\/p>\n<p>Avant, il \u00e9tait trop facile d\u2019atteindre les sommets. Maintenant, pour d\u00e9crocher la mention <strong>\u00ab Tr\u00e8s \u00c9lev\u00e9 \u00bb<\/strong>, il faut un score entre <strong>96 et 100<\/strong> (contre 90-100 avant). Si votre score chute demain matin, ne paniquez pas : vous ne dormez pas plus mal, l\u2019algorithme est juste devenu plus exigeant.<\/p>\n<p>C\u00f4t\u00e9 productivit\u00e9, une petite option va tout changer pour les t\u00eates en l\u2019air : l\u2019option <strong>\u00ab Urgent \u00bb<\/strong> dans les Rappels.<\/p>\n<ul class=\"wp-block-list\">\n<li>Avant : une petite notification banni\u00e8re qu\u2019on ignore.<\/li>\n<li>Maintenant : une v\u00e9ritable <strong>alarme sonore<\/strong> qui sonne en continu, comme un r\u00e9veil, jusqu\u2019\u00e0 ce que vous agissiez.<\/li>\n<\/ul>\n<p>Pour les m\u00e9dicaments ou les deadlines imp\u00e9ratives, c\u2019est redoutable d\u2019efficacit\u00e9. Ajoutez \u00e0 cela les <strong>chapitres automatiques<\/strong> dans les Podcasts (g\u00e9n\u00e9r\u00e9s par IA) et la possibilit\u00e9 de voir les paroles hors ligne sur <strong>Apple Music<\/strong>, et vous avez une mise \u00e0 jour solide sur les usages quotidiens.<\/p>\n<p>S\u00e9curit\u00e9 : la vraie raison de mettre \u00e0 jour<\/p>\n<p>On garde le plus \u00ab dr\u00f4le \u00bb pour la fin. Au-del\u00e0 des joujoux d\u2019interface, iOS 26.2 colmate <strong>deux failles WebKit critiques<\/strong> qui, selon Apple, \u00ab pourraient avoir \u00e9t\u00e9 activeement exploit\u00e9es \u00bb.<\/p>\n","protected":false},"excerpt":{"rendered":"Vous pensiez avoir fini avec les mises \u00e0 jour pour 2025 ? Rat\u00e9. Apple vient de d\u00e9ployer iOS&hellip;\n","protected":false},"author":2,"featured_media":595831,"comment_status":"","ping_status":"","sticky":false,"template":"","format":"standard","meta":{"footnotes":""},"categories":[7],"tags":[26132,26133,983,13077,11891,12575,12578,12579,70852,270,1011,27,28923,65937,43,40,41,39,42,44],"class_list":{"0":"post-595830","1":"post","2":"type-post","3":"status-publish","4":"format-standard","5":"has-post-thumbnail","7":"category-sciences-et-technologies","8":"tag-apple-iphone-16","9":"tag-apple-iphone-16-plus","10":"tag-apple-iphone-16-pro","11":"tag-apple-iphone-16-pro-max","12":"tag-apple-iphone-16e-se-4","13":"tag-apple-iphone-17","14":"tag-apple-iphone-17-pro","15":"tag-apple-iphone-17-pro-max","16":"tag-apple-iphone-se-2016","17":"tag-breaking","18":"tag-fr","19":"tag-france","20":"tag-ios-26","21":"tag-ios-26-2","22":"tag-science","23":"tag-science-and-technology","24":"tag-sciences","25":"tag-sciences-et-technologies","26":"tag-technologies","27":"tag-technology"},"share_on_mastodon":{"url":"https:\/\/pubeurope.com\/@fr\/115709282914036779","error":""},"_links":{"self":[{"href":"https:\/\/www.europesays.com\/fr\/wp-json\/wp\/v2\/posts\/595830","targetHints":{"allow":["GET"]}}],"collection":[{"href":"https:\/\/www.europesays.com\/fr\/wp-json\/wp\/v2\/posts"}],"about":[{"href":"https:\/\/www.europesays.com\/fr\/wp-json\/wp\/v2\/types\/post"}],"author":[{"embeddable":true,"href":"https:\/\/www.europesays.com\/fr\/wp-json\/wp\/v2\/users\/2"}],"replies":[{"embeddable":true,"href":"https:\/\/www.europesays.com\/fr\/wp-json\/wp\/v2\/comments?post=595830"}],"version-history":[{"count":0,"href":"https:\/\/www.europesays.com\/fr\/wp-json\/wp\/v2\/posts\/595830\/revisions"}],"wp:featuredmedia":[{"embeddable":true,"href":"https:\/\/www.europesays.com\/fr\/wp-json\/wp\/v2\/media\/595831"}],"wp:attachment":[{"href":"https:\/\/www.europesays.com\/fr\/wp-json\/wp\/v2\/media?parent=595830"}],"wp:term":[{"taxonomy":"category","embeddable":true,"href":"https:\/\/www.europesays.com\/fr\/wp-json\/wp\/v2\/categories?post=595830"},{"taxonomy":"post_tag","embeddable":true,"href":"https:\/\/www.europesays.com\/fr\/wp-json\/wp\/v2\/tags?post=595830"}],"curies":[{"name":"wp","href":"https:\/\/api.w.org\/{rel}","templated":true}]}}