{"id":595834,"date":"2025-12-12T23:52:16","date_gmt":"2025-12-12T23:52:16","guid":{"rendered":"https:\/\/www.europesays.com\/fr\/595834\/"},"modified":"2025-12-12T23:52:16","modified_gmt":"2025-12-12T23:52:16","slug":"lallemagne-accuse-la-russie-davoir-tente-de-pirater-son-controle-aerien-et-dingerence-electorale","status":"publish","type":"post","link":"https:\/\/www.europesays.com\/fr\/595834\/","title":{"rendered":"L\u2019Allemagne accuse la Russie d\u2019avoir tent\u00e9 de pirater son contr\u00f4le a\u00e9rien et d\u2019ing\u00e9rence \u00e9lectorale"},"content":{"rendered":"<p>L\u2019<a href=\"https:\/\/www.20minutes.fr\/dossier\/allemagne\" target=\"_blank\" class=\"c-link c-link--is-underlined\" rel=\"noopener\">Allemagne<\/a> a officiellement mis en cause la <a href=\"https:\/\/www.20minutes.fr\/monde\/russie\/\" target=\"_blank\" class=\"c-link c-link--is-underlined\" rel=\"noopener\">Russie<\/a> pour une <a href=\"https:\/\/www.20minutes.fr\/dossier\/cyberattaque\" target=\"_blank\" class=\"c-link c-link--is-underlined\" rel=\"noopener\">cyberattaque<\/a> contre sa s\u00e9curit\u00e9 a\u00e9rienne et pour une campagne de d\u00e9stabilisation politique lors des derni\u00e8res \u00e9lections l\u00e9gislatives. Berlin affirme disposer de \u00ab\u00a0preuves absolument solides\u00a0\u00bb et a convoqu\u00e9 le repr\u00e9sentant russe, tandis que Moscou rejette en bloc des accusations qualifi\u00e9es d\u2019\u00ab\u00a0absurdes\u00a0\u00bb et \u00ab\u00a0infond\u00e9es\u00a0\u00bb.<\/p>\n<p>Selon le minist\u00e8re allemand des Affaires \u00e9trang\u00e8res, l\u2019attaque informatique survenue en ao\u00fbt\u00a02024 rel\u00e8ve directement des services russes. \u00ab\u00a0Le service de renseignement militaire russe GRU est responsable de cette attaque\u00a0\u00bb, a d\u00e9clar\u00e9 un porte-parole, pr\u00e9cisant que l\u2019op\u00e9ration est \u00ab\u00a0clairement [\u2026] attribu\u00e9e au collectif de <a href=\"https:\/\/www.20minutes.fr\/dossier\/hacker\" target=\"_blank\" class=\"c-link c-link--is-underlined\" rel=\"noopener\">hackers<\/a> APT28, \u00e9galement connu sous le nom de Fancy Bear\u00a0\u00bb, d\u00e9j\u00e0 cit\u00e9 dans plusieurs affaires similaires en Europe.<\/p>\n<p>Influence et d\u00e9stabilisation russe<\/p>\n<p><a href=\"https:\/\/www.20minutes.fr\/dossier\/berlin\" target=\"_blank\" class=\"c-link c-link--is-underlined\" rel=\"noopener\">L&rsquo;Allemagne<\/a> accuse \u00e9galement <a href=\"https:\/\/www.20minutes.fr\/monde\/moscou\/\" target=\"_blank\" class=\"c-link c-link--is-underlined\" rel=\"noopener\">Moscou<\/a> d\u2019ing\u00e9rence politique. Les autorit\u00e9s allemandes estiment que la Russie a cherch\u00e9, \u00ab\u00a0\u00e0 travers la campagne Storm 1516, d\u2019influencer et de d\u00e9stabiliser tant la derni\u00e8re \u00e9lection au Bundestag [\u2026] que, de fa\u00e7on continue, les affaires int\u00e9rieures de la R\u00e9publique f\u00e9d\u00e9rale d\u2019Allemagne\u00a0\u00bb. Ces faits s\u2019inscrivent, selon Berlin, dans une strat\u00e9gie de guerre \u00ab\u00a0hybride\u00a0\u00bb m\u00ealant cyberattaques, d\u00e9sinformation et tentatives de sabotage depuis l\u2019<a href=\"https:\/\/www.20minutes.fr\/monde\/ukraine\/\" target=\"_blank\" class=\"c-link c-link--is-underlined\" rel=\"noopener\">invasion de l\u2019Ukraine<\/a> en f\u00e9vrier\u00a02022.<\/p>\n<\/p>\n<p>La Russie a fermement d\u00e9menti. Dans un communiqu\u00e9 transmis \u00e0 l\u2019AFP, son ambassade \u00e0 Berlin indique que l\u2019ambassadeur a \u00ab\u00a0cat\u00e9goriquement rejet\u00e9 les accusations d\u2019implication de structures \u00e9tatiques russes\u00a0\u00bb et d\u00e9nonce une initiative destin\u00e9e \u00e0 \u00ab\u00a0attiser les sentiments anti-russes en Allemagne et d\u00e9truire les relations russo-allemandes\u00a0\u00bb.<\/p>\n<p>L&rsquo;Allemagne pr\u00e9pare des mesures de r\u00e9torsion<\/p>\n<p>En r\u00e9ponse, le gouvernement allemand annonce une riposte gradu\u00e9e. L&rsquo;Allemagne pr\u00e9pare, \u00ab\u00a0en \u00e9troite concertation avec nos partenaires europ\u00e9ens, une s\u00e9rie de mesures de r\u00e9torsion afin de faire payer \u00e0 la Russie le prix de ses attaques hybrides\u00a0\u00bb. Celles-ci incluront de nouvelles sanctions individuelles au niveau de l\u2019<a href=\"https:\/\/www.20minutes.fr\/dossier\/ue\" target=\"_blank\" class=\"c-link c-link--is-underlined\" rel=\"noopener\">Union europ\u00e9enne<\/a>, avec \u00ab\u00a0interdictions d\u2019entr\u00e9e\u00a0\u00bb, gel d\u2019avoirs et restrictions \u00e9conomiques, ainsi qu\u2019un contr\u00f4le renforc\u00e9 des d\u00e9placements des diplomates russes dans l\u2019espace Schengen pour \u00ab\u00a0minimiser les risques en mati\u00e8re de renseignement\u00a0\u00bb.<\/p>\n<p><a href=\"https:\/\/www.20minutes.fr\/dossier\/cybercriminalite\" target=\"_blank\" class=\"c-link c-btn c-btn--primary\" rel=\"noopener\">Notre dossier sur la cybercriminalit\u00e9<\/a><\/p>\n<p>Les autorit\u00e9s allemandes alertent enfin sur la poursuite de ces menaces. La campagne Storm 1516 \u00ab\u00a0montre tr\u00e8s concr\u00e8tement comment notre ordre d\u00e9mocratique est attaqu\u00e9\u00a0\u00bb, a d\u00e9clar\u00e9 Sinan Selen, chef du renseignement int\u00e9rieur, \u00e9voquant l\u2019usage de faux sites m\u00e9diatiques, de vid\u00e9os mensong\u00e8res et de relais id\u00e9ologiques. Berlin craint une intensification de ces op\u00e9rations \u00e0 l\u2019approche des \u00e9lections r\u00e9gionales de\u00a02026, dans un pays qui se consid\u00e8re comme une cible prioritaire en raison de son r\u00f4le central au sein de l\u2019<a href=\"https:\/\/www.20minutes.fr\/monde\/otan\/\" target=\"_blank\" class=\"c-link c-link--is-underlined\" rel=\"noopener\">Otan<\/a> et de son soutien \u00e0 l\u2019Ukraine.<\/p>\n","protected":false},"excerpt":{"rendered":"L\u2019Allemagne a officiellement mis en cause la Russie pour une cyberattaque contre sa s\u00e9curit\u00e9 a\u00e9rienne et pour une&hellip;\n","protected":false},"author":2,"featured_media":595835,"comment_status":"","ping_status":"","sticky":false,"template":"","format":"standard","meta":{"footnotes":""},"categories":[5],"tags":[47,11,672,2481,16968,1011,27,131,10933,311,14,74,12,24167,132,28],"class_list":{"0":"post-595834","1":"post","2":"type-post","3":"status-publish","4":"format-standard","5":"has-post-thumbnail","7":"category-international","8":"tag-actualite","9":"tag-actualites","10":"tag-allemagne","11":"tag-cyberattaque","12":"tag-cybercriminalite","13":"tag-fr","14":"tag-france","15":"tag-guerre-en-ukraine","16":"tag-hacker","17":"tag-informatique","18":"tag-international","19":"tag-monde","20":"tag-news","21":"tag-renseignement","22":"tag-russie","23":"tag-world"},"share_on_mastodon":{"url":"https:\/\/pubeurope.com\/@fr\/115709289676088343","error":""},"_links":{"self":[{"href":"https:\/\/www.europesays.com\/fr\/wp-json\/wp\/v2\/posts\/595834","targetHints":{"allow":["GET"]}}],"collection":[{"href":"https:\/\/www.europesays.com\/fr\/wp-json\/wp\/v2\/posts"}],"about":[{"href":"https:\/\/www.europesays.com\/fr\/wp-json\/wp\/v2\/types\/post"}],"author":[{"embeddable":true,"href":"https:\/\/www.europesays.com\/fr\/wp-json\/wp\/v2\/users\/2"}],"replies":[{"embeddable":true,"href":"https:\/\/www.europesays.com\/fr\/wp-json\/wp\/v2\/comments?post=595834"}],"version-history":[{"count":0,"href":"https:\/\/www.europesays.com\/fr\/wp-json\/wp\/v2\/posts\/595834\/revisions"}],"wp:featuredmedia":[{"embeddable":true,"href":"https:\/\/www.europesays.com\/fr\/wp-json\/wp\/v2\/media\/595835"}],"wp:attachment":[{"href":"https:\/\/www.europesays.com\/fr\/wp-json\/wp\/v2\/media?parent=595834"}],"wp:term":[{"taxonomy":"category","embeddable":true,"href":"https:\/\/www.europesays.com\/fr\/wp-json\/wp\/v2\/categories?post=595834"},{"taxonomy":"post_tag","embeddable":true,"href":"https:\/\/www.europesays.com\/fr\/wp-json\/wp\/v2\/tags?post=595834"}],"curies":[{"name":"wp","href":"https:\/\/api.w.org\/{rel}","templated":true}]}}