{"id":595836,"date":"2025-12-12T23:53:18","date_gmt":"2025-12-12T23:53:18","guid":{"rendered":"https:\/\/www.europesays.com\/fr\/595836\/"},"modified":"2025-12-12T23:53:18","modified_gmt":"2025-12-12T23:53:18","slug":"14-heures-de-travail-par-jour-pas-de-week-end-500-euros-de-salaires-par-mois-plongee-dans-les-coulisses-des-ateliers-de-la-sueur-chinois-de-shein","status":"publish","type":"post","link":"https:\/\/www.europesays.com\/fr\/595836\/","title":{"rendered":"14 heures de travail par jour, pas de week-end, 500\u00a0euros de salaires par mois\u2026 Plong\u00e9e dans les coulisses des \u00ab\u00a0ateliers de la sueur\u00a0\u00bb chinois de Shein"},"content":{"rendered":"<p>\n    <strong>REPORTAGE &#8211;<\/strong> \u00c0 Canton, dans le sud du pays, Le Figaro a visit\u00e9 les sites de sous-traitants du g\u00e9ant de l\u2019ultra fast-fashion, o\u00f9 triment les couturi\u00e8res \u00e0 des cadences stakhanovistes.<\/p>\n<p class=\"fig-paragraph\">Les n\u00e9ons blafards s\u2019\u00e9teignent sur les rang\u00e9es de machines \u00e0 coudre, surmont\u00e9s de ventilateurs, plongeant l\u2019entrep\u00f4t spartiate dans la p\u00e9nombre. Ce premier samedi de d\u00e9cembre \u00e0 14\u00a0heures sonne\u00a0le d\u00e9but de la sieste tant attendue par la trentaine de couturi\u00e8res. Celles-ci s\u2019allongent m\u00e9caniquement sur les bancs, masque sur les yeux, en qu\u00eate d\u2019une tr\u00eave. C\u2019est le mitan d\u2019une longue journ\u00e9e d\u00e9marr\u00e9e \u00e0 7\u00a0heures du matin, et qui s\u2019\u00e9tirera jusqu\u2019\u00e0 tard dans la soir\u00e9e. \u00ab\u00a0Travailler dix \u00e0 douze heures par jour, c\u2019est normal. Certains vont jusqu\u2019\u00e0 quatorze. Et il n\u2019y a pas de week-end\u00a0\u00bb, explique Xiaomi*, le regard tendu sur l\u2019aiguille qui coud des fermetures \u00e9clair \u00e0 la cha\u00eene sur des minijupes noires. Sous la table, le pied de la jeune femme, engonc\u00e9 dans une pantoufle rose surmont\u00e9e de perles de pacotille, appuie nerveusement sur la p\u00e9dale. \u00ab\u00a0C\u2019est pour\u00a0<a href=\"http:\/\/www.lefigaro.fr\/conjoncture\/dossier\/polemique-shein-notre-dossier-pour-tout-comprendre\" data-fig-type=\"Topic\" data-gtm-custom-categorie=\"navigation\" data-gtm-custom-action=\"crossclick\" data-gtm-custom-label=\"Contextuel\" data-gtm-event=\"customEventSPE\" data-fig-domain=\"LEFIGARO\" target=\"_blank\" rel=\"noopener\">Shein<\/a> \u00a0?\u00a0\u00bb L\u2019ouvri\u00e8re nie mollement, mais l\u2019\u00e9tiquette, cousue sur les montagnes de tissus qui s\u2019amoncellent dans les bacs en\u2026<\/p>\n<p class=\"fig-premium-paywall__infos\">\n        Cet article est r\u00e9serv\u00e9 aux abonn\u00e9s.        Il vous reste 92% \u00e0 d\u00e9couvrir.\n    <\/p>\n<p>                <img  data- alt=\"Le Figaro\" class=\"fig-img--complete fig-img\"\/><\/p>\n<p class=\"fig-premium-paywall__title\">Vente Flash<\/p>\n<p class=\"fig-premium-paywall__subtitle\">-50% sur l&rsquo;abonnement num\u00e9rique<\/p>\n<p class=\"fig-premium-paywall__connect\">\n                D\u00e9j\u00e0 abonn\u00e9\u00a0?                <a class=\"fig-premium-paywall__connect-link\" href=\"https:\/\/connect.lefigaro.fr\/login?client=horizon_web&amp;type=main&amp;redirect_uri=https%3A%2F%2Fwww.lefigaro.fr%2Finternational%2F14-heures-de-travail-par-jour-pas-de-week-end-500-euros-de-salaires-par-mois-plongee-dans-les-coulisses-des-ateliers-de-la-sueur-chinois-de-shein-20251212\" data-js-gtm=\"{&quot;customCategorie&quot;: &quot;conversion&quot;, &quot;customAction&quot;: &quot;before_Landing_Connexion_paywall_auto&quot;, &quot;customLabel&quot;: &quot;bGVmaWdhcm8uZnJfXzFmMGQzNjg0LWU4NjMtNjVkNi1hYTRjLTc5NGYzMDA1ZGExYV9fQXJ0aWNsZQ==_14 heures de travail par jour, pas de week-end, 500\u00a0euros de salaires par mois\u2026 Plong\u00e9e dans les coulisses des \u00ab\u00a0ateliers de la sueur\u00a0\u00bb chinois de Shein_1000&quot;, &quot;customIDSPE&quot;: &quot;bGVmaWdhcm8uZnJfXzFmMGQzNjg0LWU4NjMtNjVkNi1hYTRjLTc5NGYzMDA1ZGExYV9fQXJ0aWNsZQ==&quot;, &quot;event&quot;: &quot;customEventSPE&quot;}\" target=\"_blank\" rel=\"noopener\"><br \/>\n                    Connectez-vous<br \/>\n                <\/a>\n            <\/p>\n","protected":false},"excerpt":{"rendered":"REPORTAGE &#8211; \u00c0 Canton, dans le sud du pays, Le Figaro a visit\u00e9 les sites de sous-traitants du&hellip;\n","protected":false},"author":2,"featured_media":595837,"comment_status":"","ping_status":"","sticky":false,"template":"","format":"standard","meta":{"footnotes":""},"categories":[4],"tags":[11,309,7027,1011,27,12,25,1104],"class_list":{"0":"post-595836","1":"post","2":"type-post","3":"status-publish","4":"format-standard","5":"has-post-thumbnail","7":"category-france","8":"tag-actualites","9":"tag-chine","10":"tag-e-commerce","11":"tag-fr","12":"tag-france","13":"tag-news","14":"tag-republique-francaise","15":"tag-shein"},"share_on_mastodon":{"url":"https:\/\/pubeurope.com\/@fr\/115709293681368320","error":""},"_links":{"self":[{"href":"https:\/\/www.europesays.com\/fr\/wp-json\/wp\/v2\/posts\/595836","targetHints":{"allow":["GET"]}}],"collection":[{"href":"https:\/\/www.europesays.com\/fr\/wp-json\/wp\/v2\/posts"}],"about":[{"href":"https:\/\/www.europesays.com\/fr\/wp-json\/wp\/v2\/types\/post"}],"author":[{"embeddable":true,"href":"https:\/\/www.europesays.com\/fr\/wp-json\/wp\/v2\/users\/2"}],"replies":[{"embeddable":true,"href":"https:\/\/www.europesays.com\/fr\/wp-json\/wp\/v2\/comments?post=595836"}],"version-history":[{"count":0,"href":"https:\/\/www.europesays.com\/fr\/wp-json\/wp\/v2\/posts\/595836\/revisions"}],"wp:featuredmedia":[{"embeddable":true,"href":"https:\/\/www.europesays.com\/fr\/wp-json\/wp\/v2\/media\/595837"}],"wp:attachment":[{"href":"https:\/\/www.europesays.com\/fr\/wp-json\/wp\/v2\/media?parent=595836"}],"wp:term":[{"taxonomy":"category","embeddable":true,"href":"https:\/\/www.europesays.com\/fr\/wp-json\/wp\/v2\/categories?post=595836"},{"taxonomy":"post_tag","embeddable":true,"href":"https:\/\/www.europesays.com\/fr\/wp-json\/wp\/v2\/tags?post=595836"}],"curies":[{"name":"wp","href":"https:\/\/api.w.org\/{rel}","templated":true}]}}