{"id":595840,"date":"2025-12-12T23:55:27","date_gmt":"2025-12-12T23:55:27","guid":{"rendered":"https:\/\/www.europesays.com\/fr\/595840\/"},"modified":"2025-12-12T23:55:27","modified_gmt":"2025-12-12T23:55:27","slug":"roche-la-moliere-un-jeune-homme-interpelle-apres-un-rodeo-en-motocross-devant-les-policiers","status":"publish","type":"post","link":"https:\/\/www.europesays.com\/fr\/595840\/","title":{"rendered":"Roche-la-Moli\u00e8re. Un jeune homme interpell\u00e9 apr\u00e8s un rod\u00e9o en motocross devant les policiers"},"content":{"rendered":"<p>Le mercredi 10\u00a0d\u00e9cembre, vers 17\u00a0h\u00a030, les policiers de la Brigade motoris\u00e9e urbaine (BMU) de Saint-Etienne se trouvent en patrouille \u00e0 Roche-la-Moli\u00e8re quand ils aper\u00e7oivent plusieurs individus en train d\u2019effectuer des rod\u00e9os en motocross sur la chauss\u00e9e.<\/p>\n<p>Alors que les fonctionnaires essayent de se porter \u00e0 leur hauteur pour proc\u00e9der \u00e0 un contr\u00f4le, les pilotes des deux-roues refusent d\u2019obtemp\u00e9rer et tentent de prendre la fuite. Finalement, les motards de la police vont parvenir \u00e0 rattraper l\u2019un d\u2019eux et \u00e0 l\u2019interpeller.<\/p>\n<p>Le jeune homme, \u00e2g\u00e9 de 21 ans et habitant de Roche-la-Moli\u00e8re, a ensuite \u00e9t\u00e9 plac\u00e9 en garde \u00e0 vue. \u00c0 l\u2019issue, il s\u2019est vu signifier une convocation devant le tribunal correctionnel de Saint-Etienne au cours des prochaines semaines.<\/p>\n<p>En plus du refus d\u2019obtemp\u00e9rer et du rod\u00e9o sur la voie publique, il devra r\u00e9pondre d\u2019un d\u00e9faut de permis et d\u2019un d\u00e9faut d\u2019assurance.<\/p>\n","protected":false},"excerpt":{"rendered":"Le mercredi 10\u00a0d\u00e9cembre, vers 17\u00a0h\u00a030, les policiers de la Brigade motoris\u00e9e urbaine (BMU) de Saint-Etienne se trouvent en&hellip;\n","protected":false},"author":2,"featured_media":595841,"comment_status":"","ping_status":"","sticky":false,"template":"","format":"standard","meta":{"footnotes":""},"categories":[9653],"tags":[1111,11,2430,271,272,7539,1777,674,274,1011,27,3367,12,25,12490,12491,4001,104],"class_list":{"0":"post-595840","1":"post","2":"type-post","3":"status-publish","4":"format-standard","5":"has-post-thumbnail","7":"category-saint-etienne","8":"tag-actu","9":"tag-actualites","10":"tag-auvergne-rhone-alpes","11":"tag-crime","12":"tag-delit-et-contravention","13":"tag-edition-loire-sud","14":"tag-eu","15":"tag-europe","16":"tag-faits-divers-justice","17":"tag-fr","18":"tag-france","19":"tag-loire","20":"tag-news","21":"tag-republique-francaise","22":"tag-roche-la-moliere","23":"tag-roche-la-moliere-bassin","24":"tag-saint-etienne","25":"tag-societe"},"share_on_mastodon":{"url":"https:\/\/pubeurope.com\/@fr\/115709301931677793","error":""},"_links":{"self":[{"href":"https:\/\/www.europesays.com\/fr\/wp-json\/wp\/v2\/posts\/595840","targetHints":{"allow":["GET"]}}],"collection":[{"href":"https:\/\/www.europesays.com\/fr\/wp-json\/wp\/v2\/posts"}],"about":[{"href":"https:\/\/www.europesays.com\/fr\/wp-json\/wp\/v2\/types\/post"}],"author":[{"embeddable":true,"href":"https:\/\/www.europesays.com\/fr\/wp-json\/wp\/v2\/users\/2"}],"replies":[{"embeddable":true,"href":"https:\/\/www.europesays.com\/fr\/wp-json\/wp\/v2\/comments?post=595840"}],"version-history":[{"count":0,"href":"https:\/\/www.europesays.com\/fr\/wp-json\/wp\/v2\/posts\/595840\/revisions"}],"wp:featuredmedia":[{"embeddable":true,"href":"https:\/\/www.europesays.com\/fr\/wp-json\/wp\/v2\/media\/595841"}],"wp:attachment":[{"href":"https:\/\/www.europesays.com\/fr\/wp-json\/wp\/v2\/media?parent=595840"}],"wp:term":[{"taxonomy":"category","embeddable":true,"href":"https:\/\/www.europesays.com\/fr\/wp-json\/wp\/v2\/categories?post=595840"},{"taxonomy":"post_tag","embeddable":true,"href":"https:\/\/www.europesays.com\/fr\/wp-json\/wp\/v2\/tags?post=595840"}],"curies":[{"name":"wp","href":"https:\/\/api.w.org\/{rel}","templated":true}]}}