{"id":595842,"date":"2025-12-12T23:56:20","date_gmt":"2025-12-12T23:56:20","guid":{"rendered":"https:\/\/www.europesays.com\/fr\/595842\/"},"modified":"2025-12-12T23:56:20","modified_gmt":"2025-12-12T23:56:20","slug":"chantage-a-la-sextape-lex-maire-de-saint-etienne-a-fait-appel-12-12-2025-a-2059","status":"publish","type":"post","link":"https:\/\/www.europesays.com\/fr\/595842\/","title":{"rendered":"Chantage \u00e0 la sextape: l&rsquo;ex-maire de Saint-Etienne a fait appel &#8211; 12\/12\/2025 \u00e0 20:59"},"content":{"rendered":"<p>        <img decoding=\"async\" src=\"https:\/\/www.europesays.com\/fr\/wp-content\/uploads\/2025\/12\/61ea9604087db11c2ed847034f15262b-760x507.jpg\" alt=\"L'ancien maire de Saint-\u00c9tienne Ga\u00ebl Perdriau \u00e0 Lyon le 1er d\u00e9cembre 2025 ( AFP \/ OLIVIER CHASSIGNOLE )\" loading=\"eager\" fetchpriority=\"high\" width=\"760\" height=\"507\" style=\"max-width: 100%!important; height: auto;\"\/><\/p>\n<p class=\"c-image-news__legend\">L&rsquo;ancien maire de Saint-\u00c9tienne Ga\u00ebl Perdriau \u00e0 Lyon le 1er d\u00e9cembre 2025 ( AFP \/ OLIVIER CHASSIGNOLE )<\/p>\n<p>\n L&rsquo;ancien maire de Saint-Etienne et deux autres protagonistes de l&rsquo;affaire du chantage \u00e0 la sextape ont fait appel de leur condamnation \u00e0 de la prison ferme et \u00e0 cinq ans d&rsquo;in\u00e9ligibilit\u00e9, a indiqu\u00e9 vendredi le parquet de Lyon.\n<\/p>\n<p>\n L&rsquo;ancien maire Ga\u00ebl Perdriau, son ancien adjoint \u00e0 l&rsquo;Education Samy Kefi-J\u00e9r\u00f4me et l&rsquo;ex-compagnon de ce dernier Gilles Rossary Langlet ont d\u00e9pos\u00e9 un recours avant l&rsquo;expiration du d\u00e9lai l\u00e9gal de dix jours suivant la d\u00e9cision, selon un communiqu\u00e9 du parquet qui a lui-m\u00eame fait appel dans la foul\u00e9e.\n<\/p>\n<p>\n Ga\u00ebl Perdriau &#8211; qui continue de clamer son innocence &#8211; a \u00e9t\u00e9 condamn\u00e9 \u00e0 quatre ans de prison ferme, les deux autres \u00e0 trois ans ferme.\n<\/p>\n<p>\n Seul l&rsquo;ancien directeur de cabinet du maire, Pierre Gauttieri, qui a re\u00e7u une peine de deux ans ferme, n&rsquo;a pas interjet\u00e9 appel.\n<\/p>\n<p>\n Le 1er d\u00e9cembre, le tribunal correctionnel de Lyon les a jug\u00e9s coupables d&rsquo;avoir complot\u00e9 pour filmer un rival du maire \u00e0 son insu avec un prostitu\u00e9, d&rsquo;avoir utilis\u00e9 cette vid\u00e9o intime pour le museler, et d&rsquo;avoir financ\u00e9 le pi\u00e8ge avec des fonds publics.\n<\/p>\n<p>\n Compte-tenu de l'\u00a0\u00bbextr\u00eame gravit\u00e9 des faits\u00a0\u00bb, le tribunal a prononc\u00e9 pour les quatre hommes des peines avec mandat de d\u00e9p\u00f4t \u00e0 effet diff\u00e9r\u00e9, ce qui veut dire applicable m\u00eame en cas d&rsquo;appel.\n<\/p>\n<p>\n Pour cette raison, Ga\u00ebl Perdriau, 53 ans, est convoqu\u00e9 mardi devant le parquet de Saint-Etienne pour conna\u00eetre la date et le lieu de son incarc\u00e9ration.\n<\/p>\n<p>\n Dans son jugement de 100 pages, que l&rsquo;AFP a pu consulter, le tribunal explique ne pas avoir \u00e9t\u00e9 \u00ab\u00a0convaincu\u00a0\u00bb par les d\u00e9n\u00e9gations de l&rsquo;ancien maire, qui a soutenu n&rsquo;avoir jou\u00e9 aucun r\u00f4le dans le pi\u00e8ge malgr\u00e9 les t\u00e9moignages contraires de ses co-pr\u00e9venus.\n<\/p>\n<p>\n Ga\u00ebl Perdriau a \u00e9t\u00e9 \u00ab\u00a0l&rsquo;unique b\u00e9n\u00e9ficiaire\u00a0\u00bb du chantage, s&rsquo;est montr\u00e9 \u00ab\u00a0jaloux de son autorit\u00e9\u00a0\u00bb, \u00ab\u00a0command(ait)\u00a0\u00bb et faisait preuve d&rsquo;un \u00ab\u00a0puissant d\u00e9sir de contr\u00f4le\u00a0\u00bb \u00e0 la mairie, \u00e9crit le tribunal.\n<\/p>\n<p>\n Quant \u00e0 la peine retenue contre lui, les magistrats la justifient par sa fonction de Premier magistrat, mais aussi par son attitude jusqu&rsquo;au proc\u00e8s.\n<\/p>\n<p>\n \u00ab\u00a0Il se montre bien peu capable d&#8217;empathie, tant il est autocentr\u00e9 sur sa d\u00e9fense, persuad\u00e9 d&rsquo;\u00eatre la principale victime d&rsquo;un complot. Tant il semble encore aveugl\u00e9 par ses ambitions politiques et son d\u00e9sir de pouvoir\u00a0\u00bb, estiment-ils.\n<\/p>\n<p>\n Le tribunal juge enfin \u00ab\u00a0que les faits ont caus\u00e9 une forte atteinte aux valeurs d\u00e9mocratiques\u00a0\u00bb, ce qui justifie selon lui une in\u00e9ligibilit\u00e9 avec effet imm\u00e9diat. \u00ab\u00a0Il n&rsquo;appara\u00eet pas envisageable en effet que Ga\u00ebl Perdriau demeure maire de la ville de Saint-Etienne.\u00a0\u00bb\n<\/p>\n<p>\n Celui-ci a bien quitt\u00e9 son poste et son dernier Premier adjoint, Jean-Pierre Berger, 83 ans, a \u00e9t\u00e9 \u00e9lu jeudi pour assurer la gestion de la ville jusqu&rsquo;aux municipales de mars.<\/p>\n","protected":false},"excerpt":{"rendered":"L&rsquo;ancien maire de Saint-\u00c9tienne Ga\u00ebl Perdriau \u00e0 Lyon le 1er d\u00e9cembre 2025 ( AFP \/ OLIVIER CHASSIGNOLE )&hellip;\n","protected":false},"author":2,"featured_media":595843,"comment_status":"","ping_status":"","sticky":false,"template":"","format":"standard","meta":{"footnotes":""},"categories":[9653],"tags":[400,1111,11,2430,398,408,405,1777,674,1011,27,403,402,399,404,12,25,4001,401,406,407],"class_list":{"0":"post-595842","1":"post","2":"type-post","3":"status-publish","4":"format-standard","5":"has-post-thumbnail","7":"category-saint-etienne","8":"tag-action-cac-40","9":"tag-actu","10":"tag-actualites","11":"tag-auvergne-rhone-alpes","12":"tag-bourse-de-paris","13":"tag-boursorama","14":"tag-cotations","15":"tag-eu","16":"tag-europe","17":"tag-fr","18":"tag-france","19":"tag-indices-devises","20":"tag-investir","21":"tag-investissement","22":"tag-marche-boursier","23":"tag-news","24":"tag-republique-francaise","25":"tag-saint-etienne","26":"tag-sicav","27":"tag-trackers","28":"tag-warrants"},"share_on_mastodon":{"url":"https:\/\/pubeurope.com\/@fr\/115709306595634000","error":""},"_links":{"self":[{"href":"https:\/\/www.europesays.com\/fr\/wp-json\/wp\/v2\/posts\/595842","targetHints":{"allow":["GET"]}}],"collection":[{"href":"https:\/\/www.europesays.com\/fr\/wp-json\/wp\/v2\/posts"}],"about":[{"href":"https:\/\/www.europesays.com\/fr\/wp-json\/wp\/v2\/types\/post"}],"author":[{"embeddable":true,"href":"https:\/\/www.europesays.com\/fr\/wp-json\/wp\/v2\/users\/2"}],"replies":[{"embeddable":true,"href":"https:\/\/www.europesays.com\/fr\/wp-json\/wp\/v2\/comments?post=595842"}],"version-history":[{"count":0,"href":"https:\/\/www.europesays.com\/fr\/wp-json\/wp\/v2\/posts\/595842\/revisions"}],"wp:featuredmedia":[{"embeddable":true,"href":"https:\/\/www.europesays.com\/fr\/wp-json\/wp\/v2\/media\/595843"}],"wp:attachment":[{"href":"https:\/\/www.europesays.com\/fr\/wp-json\/wp\/v2\/media?parent=595842"}],"wp:term":[{"taxonomy":"category","embeddable":true,"href":"https:\/\/www.europesays.com\/fr\/wp-json\/wp\/v2\/categories?post=595842"},{"taxonomy":"post_tag","embeddable":true,"href":"https:\/\/www.europesays.com\/fr\/wp-json\/wp\/v2\/tags?post=595842"}],"curies":[{"name":"wp","href":"https:\/\/api.w.org\/{rel}","templated":true}]}}