{"id":595849,"date":"2025-12-13T00:02:13","date_gmt":"2025-12-13T00:02:13","guid":{"rendered":"https:\/\/www.europesays.com\/fr\/595849\/"},"modified":"2025-12-13T00:02:13","modified_gmt":"2025-12-13T00:02:13","slug":"rc-toulon-linternational-argentin-tomas-albornoz-sest-engage-jusquen-2030-sport","status":"publish","type":"post","link":"https:\/\/www.europesays.com\/fr\/595849\/","title":{"rendered":"RC Toulon. L\u2019international argentin Tomas Albornoz s\u2019est engag\u00e9 jusqu\u2019en 2030 . Sport"},"content":{"rendered":"<p>Le RCT a r\u00e9alis\u00e9 un premier coup au mercato d\u2019hiver. L\u2019ouvreur international argentin Tom\u00e1s Albornoz s\u2019est engag\u00e9 jusqu\u2019en 2030 et fera ses d\u00e9buts dans son nouveau club fin d\u00e9cembre, a annonc\u00e9 le club varois ce vendredi 12 d\u00e9cembre.<\/p>\n<p><strong>Lire aussi\u00a0:<\/strong> <a href=\"https:\/\/rennes.maville.com\/sport\/detail_-stade-toulousain.-la-decision-du-conseil-de-discipline-du-rugby-sur-l-affaire-jaminet-attendue-en-fin-de-semaine-_54135-7099883_actu.Htm\" target=\"_blank\" rel=\"noopener\">Stade Toulousain. La d\u00e9cision du conseil de discipline du rugby sur l\u2019affaire Jaminet attendue en fin de semaine<\/a><\/p>\n<p>\u00c2g\u00e9 de 28\u00a0ans, le demi d\u2019ouverture est arriv\u00e9 en 2021 dans le club italien du Benetton Tr\u00e9vise et compte 21\u00a0s\u00e9lections avec les Pumas argentins.<\/p>\n<p>Il\u00a0rejoindra l\u2019effectif rouge et noir d\u00e8s cette fin d\u00e9cembre\u00a02025\u00a0, pr\u00e9cise le RCT dans un communiqu\u00e9, alors que le club <a href=\"https:\/\/toulon.maville.com\/sport\/detail_-rc-toulon.-melvyn-jaminet-blesse-a-la-main-droite-sera-absent-huit-semaines-_53046-7106883_actu.Htm\" target=\"_blank\" rel=\"noopener\">vient de perdre son buteur Melvyn Jaminet pour huit semaines<\/a>, pour une blessure \u00e0 la main droite.<\/p>\n<blockquote class=\"instagram-media\" data-instgrm-captioned=\"\" data-instgrm-permalink=\"https:\/\/www.instagram.com\/p\/DSK-eGZjWrB\/?utm_source=ig_embed&amp;utm_campaign=loading\" data-instgrm-version=\"14\" style=\" background:#FFF; border:0; border-radius:3px; box-shadow:0 0 1px 0 rgba(0,0,0,0.5),0 1px 10px 0 rgba(0,0,0,0.15); margin: 1px; max-width:540px; min-width:326px; padding:0; width:99.375%; width:-webkit-calc(100% - 2px); width:calc(100% - 2px);\" wp_automatic_readability=\"-0.20388349514563\"\/>\n<p>Albornoz faisait partie de la s\u00e9lection argentine lors de la derni\u00e8re tourn\u00e9e d\u2019automne, et \u00e9tait titulaire lors de la d\u00e9faite sur le fil conc\u00e9d\u00e9e face \u00e0 l\u2019Angleterre (27-23) en novembre.<\/p>\n<p>\u00a0<\/p>\n<p>\t\t<script async src=\"\/\/www.instagram.com\/embed.js\"><\/script><\/p>\n","protected":false},"excerpt":{"rendered":"Le RCT a r\u00e9alis\u00e9 un premier coup au mercato d\u2019hiver. L\u2019ouvreur international argentin Tom\u00e1s Albornoz s\u2019est engag\u00e9 jusqu\u2019en&hellip;\n","protected":false},"author":2,"featured_media":595850,"comment_status":"","ping_status":"","sticky":false,"template":"","format":"standard","meta":{"footnotes":""},"categories":[9619],"tags":[1111,11,3809,1465,1777,674,63,1011,27,1792,1922,12,882,25,479,4937,517,2310,1470],"class_list":{"0":"post-595849","1":"post","2":"type-post","3":"status-publish","4":"format-standard","5":"has-post-thumbnail","7":"category-toulon","8":"tag-actu","9":"tag-actualites","10":"tag-ball","11":"tag-basket","12":"tag-eu","13":"tag-europe","14":"tag-football","15":"tag-fr","16":"tag-france","17":"tag-handball","18":"tag-info","19":"tag-news","20":"tag-provence-alpes-cote-dazur","21":"tag-republique-francaise","22":"tag-rugby","23":"tag-saint-brieuc","24":"tag-sport","25":"tag-toulon","26":"tag-volley"},"share_on_mastodon":{"url":"https:\/\/pubeurope.com\/@fr\/115709329007698282","error":""},"_links":{"self":[{"href":"https:\/\/www.europesays.com\/fr\/wp-json\/wp\/v2\/posts\/595849","targetHints":{"allow":["GET"]}}],"collection":[{"href":"https:\/\/www.europesays.com\/fr\/wp-json\/wp\/v2\/posts"}],"about":[{"href":"https:\/\/www.europesays.com\/fr\/wp-json\/wp\/v2\/types\/post"}],"author":[{"embeddable":true,"href":"https:\/\/www.europesays.com\/fr\/wp-json\/wp\/v2\/users\/2"}],"replies":[{"embeddable":true,"href":"https:\/\/www.europesays.com\/fr\/wp-json\/wp\/v2\/comments?post=595849"}],"version-history":[{"count":0,"href":"https:\/\/www.europesays.com\/fr\/wp-json\/wp\/v2\/posts\/595849\/revisions"}],"wp:featuredmedia":[{"embeddable":true,"href":"https:\/\/www.europesays.com\/fr\/wp-json\/wp\/v2\/media\/595850"}],"wp:attachment":[{"href":"https:\/\/www.europesays.com\/fr\/wp-json\/wp\/v2\/media?parent=595849"}],"wp:term":[{"taxonomy":"category","embeddable":true,"href":"https:\/\/www.europesays.com\/fr\/wp-json\/wp\/v2\/categories?post=595849"},{"taxonomy":"post_tag","embeddable":true,"href":"https:\/\/www.europesays.com\/fr\/wp-json\/wp\/v2\/tags?post=595849"}],"curies":[{"name":"wp","href":"https:\/\/api.w.org\/{rel}","templated":true}]}}