{"id":595853,"date":"2025-12-13T00:04:13","date_gmt":"2025-12-13T00:04:13","guid":{"rendered":"https:\/\/www.europesays.com\/fr\/595853\/"},"modified":"2025-12-13T00:04:13","modified_gmt":"2025-12-13T00:04:13","slug":"cest-une-page-qui-se-tourne-lancien-montpellierain-wahbi-khazri-annonce-sa-retraite-sportive","status":"publish","type":"post","link":"https:\/\/www.europesays.com\/fr\/595853\/","title":{"rendered":"\u00ab\u00a0C\u2019est une page qui se tourne\u00a0\u00bb\u00a0: l\u2019ancien Montpelli\u00e9rain Wahbi Khazri annonce sa retraite sportive"},"content":{"rendered":"<p>\n                                                                L\u2019ex-international tunisien et ex-joueur du MHSC a annonc\u00e9 qu\u2019il raccrochait les crampons \u00e0 34 ans, ce vendredi 12\u00a0d\u00e9cembre.\n                            <\/p>\n<p>\u00ab\u00a0C\u2019est une page qui se tourne.\u00a0\u00bb Apr\u00e8s plus de quinze ans comme joueur professionnel, deux Coupes du monde et de nombreux clubs ou buts, souvent f\u00eat\u00e9s en formant un c\u0153ur avec les doigts, Wahbi Khazri a annonc\u00e9 ce vendredi mettre un terme \u00e0 sa carri\u00e8re. \u00c0 34 ans et apr\u00e8s 319 matches de Ligue 1 (75 buts), le milieu ou attaquant \u00e9tait libre depuis la fin de son contrat \u00e0 Montpellier, en juin dernier.<\/p>\n<p>\u00ab\u00a0Il est temps pour moi d\u2019annoncer la fin de ma carri\u00e8re\u00a0\u00bb, a affirm\u00e9, \u00e9mu, l\u2019ancien international tunisien dans le Late Football Club sur Canal +. \u00ab\u00a0Cette passion qui m\u2019a tant donn\u00e9, et \u00e0 qui j\u2019ai tant donn\u00e9 aussi. Ce sont beaucoup d\u2019\u00e9motions, je ne pensais pas r\u00e9agir comme \u00e7a. Sans cette passion, je n\u2019aurais pas pu \u00eatre l\u2019homme que je suis\u00a0\u00bb, a poursuivi celui qui s\u2019appr\u00eate \u00e0 devenir consultant pour la cha\u00eene crypt\u00e9e.<\/p>\n<p>R\u00e9v\u00e9l\u00e9 \u00e0 Bastia<\/p>\n<p>Devenu professionnel au Sporting Club de Bastia en 2009, le natif d\u2019Ajaccio s\u2019est\u00a0r\u00e9v\u00e9l\u00e9 au plus haut niveau avec le club corse\u00a0gr\u00e2ce \u00e0 son style \u00e9nergique et spontan\u00e9. Apr\u00e8s Bordeaux et les Girondins en 2014, l\u2019Angleterre et deux saisons sous les couleurs de Sunderland auront constitu\u00e9 son unique exp\u00e9rience \u00e0 l\u2019\u00e9tranger.<\/p>\n<p>Revenu en Ligue 1 \u00e0 Rennes, Khazri a ensuite c\u00e9d\u00e9 \u00e0 la ferveur des Verts. Pour une histoire marqu\u00e9e par de nombreux buts \u2013 dont un lobe \u00e0 Metz rest\u00e9 dans les m\u00e9moires \u2013 et un maintien arrach\u00e9 en 2021. Malgr\u00e9 le brassard de capitaine, cette aventure dans le Forez s\u2019\u00e9tait\u00a0moins bien termin\u00e9e, avec notamment une rel\u00e9gation finale\u00a0en 2022.<\/p>\n<p>Passage manqu\u00e9 \u00e0 Montpellier mais brillant en s\u00e9lection<\/p>\n<p>Sa derni\u00e8re aventure s\u2019est finalement \u00e9crite dans l\u2019H\u00e9rault, de 2022 \u00e0 2025. Mais en trois ans sous les couleurs pailladines (87 matches, 6 buts et 3 passes d\u00e9cisives), Khazri n\u2019a jamais trouv\u00e9 sa place, ou par tr\u00e8s rares s\u00e9quences, avant de cristalliser de nombreuses critiques, sur son investissement ou son hygi\u00e8ne de vie. Jusqu\u2019\u00e0 une nouvelle rel\u00e9gation, scell\u00e9e en mai dernier. Libre depuis juin, il avait \u00e9t\u00e9 annonc\u00e9 tr\u00e8s proche d\u2019un retour dans son club formateur de Bastia, sans que celui-ci ne se concr\u00e9tise.<\/p>\n<p>En parall\u00e8le de sa riche carri\u00e8re en club, Khazri a perform\u00e9\u00a0avec la s\u00e9lection tunisienne (74 s\u00e9lections, 25 buts). Avec les Aigles de Carthage, il a pris part aux Coupes du monde 2018 et 2022, se mettant en \u00e9vidence en Russie avec deux r\u00e9alisations, et marquant le but de la victoire contre l\u2019\u00e9quipe de France quatre ans plus tard au Qatar.<\/p>\n<p>\u00ab\u00a0Ce (vendredi) soir, je sais que c\u2019est la fin, \u00e7a me touche, a conclu Khazri. Je ne m\u2019attendais pas \u00e0 faire cette carri\u00e8re, je suis fier et heureux, j\u2019ai fait des choses bien, des choses moins bien, toujours avec le coeur. J\u2019ai z\u00e9ro regret aujourd\u2019hui.\u00a0\u00bb<\/p>\n","protected":false},"excerpt":{"rendered":"L\u2019ex-international tunisien et ex-joueur du MHSC a annonc\u00e9 qu\u2019il raccrochait les crampons \u00e0 34 ans, ce vendredi 12\u00a0d\u00e9cembre.&hellip;\n","protected":false},"author":2,"featured_media":595854,"comment_status":"","ping_status":"","sticky":false,"template":"","format":"standard","meta":{"footnotes":""},"categories":[9599],"tags":[1111,11,1777,674,63,1011,27,7089,2208,12,2680,25,517],"class_list":{"0":"post-595853","1":"post","2":"type-post","3":"status-publish","4":"format-standard","5":"has-post-thumbnail","7":"category-montpellier","8":"tag-actu","9":"tag-actualites","10":"tag-eu","11":"tag-europe","12":"tag-football","13":"tag-fr","14":"tag-france","15":"tag-herault","16":"tag-montpellier","17":"tag-news","18":"tag-occitanie","19":"tag-republique-francaise","20":"tag-sport"},"share_on_mastodon":{"url":"https:\/\/pubeurope.com\/@fr\/115709336939875436","error":""},"_links":{"self":[{"href":"https:\/\/www.europesays.com\/fr\/wp-json\/wp\/v2\/posts\/595853","targetHints":{"allow":["GET"]}}],"collection":[{"href":"https:\/\/www.europesays.com\/fr\/wp-json\/wp\/v2\/posts"}],"about":[{"href":"https:\/\/www.europesays.com\/fr\/wp-json\/wp\/v2\/types\/post"}],"author":[{"embeddable":true,"href":"https:\/\/www.europesays.com\/fr\/wp-json\/wp\/v2\/users\/2"}],"replies":[{"embeddable":true,"href":"https:\/\/www.europesays.com\/fr\/wp-json\/wp\/v2\/comments?post=595853"}],"version-history":[{"count":0,"href":"https:\/\/www.europesays.com\/fr\/wp-json\/wp\/v2\/posts\/595853\/revisions"}],"wp:featuredmedia":[{"embeddable":true,"href":"https:\/\/www.europesays.com\/fr\/wp-json\/wp\/v2\/media\/595854"}],"wp:attachment":[{"href":"https:\/\/www.europesays.com\/fr\/wp-json\/wp\/v2\/media?parent=595853"}],"wp:term":[{"taxonomy":"category","embeddable":true,"href":"https:\/\/www.europesays.com\/fr\/wp-json\/wp\/v2\/categories?post=595853"},{"taxonomy":"post_tag","embeddable":true,"href":"https:\/\/www.europesays.com\/fr\/wp-json\/wp\/v2\/tags?post=595853"}],"curies":[{"name":"wp","href":"https:\/\/api.w.org\/{rel}","templated":true}]}}