{"id":595861,"date":"2025-12-13T00:08:17","date_gmt":"2025-12-13T00:08:17","guid":{"rendered":"https:\/\/www.europesays.com\/fr\/595861\/"},"modified":"2025-12-13T00:08:17","modified_gmt":"2025-12-13T00:08:17","slug":"pro-d2-on-fait-partie-des-grosses-cylindrees-se-rejouit-fabien-fortassin-apres-la-solide-victoire-de-valence-romans-sur-grenoble","status":"publish","type":"post","link":"https:\/\/www.europesays.com\/fr\/595861\/","title":{"rendered":"Pro D2 &#8211; \u00ab\u00a0On fait partie des grosses cylindr\u00e9es\u00a0\u00bb se r\u00e9jouit Fabien Fortassin apr\u00e8s la solide victoire de Valence-Romans sur Grenoble"},"content":{"rendered":"<p>\n                Fabien Fortassin avait le sourire apr\u00e8s la victoire autoritaire de ses hommes face \u00e0 Grenoble (33-15). Le manager du VRDR ne joue pas \u00e0 la langue bois et affirme que son \u00e9quipe est bien parmi les cadors du championnats.\n            <\/p>\n<p align=\"justify\" class=\"western\"><strong>Vous enchainez une cinqui\u00e8me victoire et une 14<\/strong><strong>e<\/strong><strong> \u00e0 domicile. Quel sentiment pr\u00e9domine ce soir apr\u00e8s cette victoire dans le derby contre Grenoble ?<\/strong><\/p>\n<p align=\"justify\" class=\"western\">Nous avons \u00e9t\u00e9 convaincant et rassurant. On est dans la continuit\u00e9 de ces derni\u00e8res semaines. C\u2019est un match qui \u00e9t\u00e9 dur, je vous avoue que c&rsquo;est un match qui me faisait vraiment peur parce que des fois quand les voyants sont trop au vert \u00e7a fait toujours peur. Finalement, \u00e7a a \u00e9t\u00e9 une fois de plus assez bien ma\u00eetris\u00e9, avec une frayeur sur la deuxi\u00e8me partie de premi\u00e8re mi-temps o\u00f9 on a \u00e9t\u00e9 un peu dans le dur physiquement. Et puis apr\u00e8s, le banc a amen\u00e9 \u00e9norm\u00e9ment d&rsquo;\u00e9nergie, \u00e9norm\u00e9ment d&rsquo;\u00e9lectricit\u00e9. On a su ma\u00eetriser cette deuxi\u00e8me mi-temps, et \u00eatre efficace au bon moment. C\u2019est une tr\u00e8s belle soir\u00e9e encore une fois.<\/p>\n<p>        <img decoding=\"async\" class=\"std-img__img responsive-img\" src=\"https:\/\/www.europesays.com\/fr\/wp-content\/uploads\/2025\/12\/1765584497_229_image.jpg\" alt=\"Pro D2 - Les Dr\u00f4mois continuent d'impressionner.\"\/><\/p>\n<p>                Pro D2 &#8211; Les Dr\u00f4mois continuent d&rsquo;impressionner.<br \/>\n                                    Icon Sport<\/p>\n<p align=\"justify\" class=\"western\"><strong>Les entames des deux mi-temps ont \u00e9t\u00e9 d\u00e9cisifs, o\u00f9 vous marquez deux essais qui vont mal aux Grenoblois.<\/strong><\/p>\n<p align=\"justify\" class=\"western\">On a eu la chance de gagner le toss, on voulait aller occuper le terrain pour essayer de vite les mettre sous pression. On savait qu&rsquo;on souffrirait physiquement avec le jour de moins de r\u00e9cup et le d\u00e9placement. On savait que l&rsquo;aspect mental allait jouer, il fallait qu&rsquo;on les fasse douter, qu&rsquo;on les mette vite sous pression, qu&rsquo;on prenne le score, ce qu&rsquo;on a plut\u00f4t bien fait. Malheureusement, \u00e0 10-0, on a quasiment eu l&rsquo;occasion de passer \u00e0 17-0, mais derri\u00e8re on se fait contrer, \u00e7a nous a mis un petit coup et physique et mental, on l&rsquo;a ressenti sur la fin de la premi\u00e8re mi-temps. Et puis \u00e0 la mi-temps, on a remis l&rsquo;accent sur l&rsquo;aspect psychologique qui allait compter, qui devait passer au-dessus de la fatigue physique.<\/p>\n<p align=\"justify\" class=\"western\"><strong>Ce soir, vous \u00eates<\/strong> <strong>deuxi\u00e8me avec 13 points d\u2019avance sur la septi\u00e8me place. Vous ne pouvez plus vous cacher dans la lutte pour le Top 6.<\/strong><\/p>\n<p align=\"justify\" class=\"western\">Quand on est deuxi\u00e8me \u00e0 la quatorzi\u00e8me journ\u00e9e, forc\u00e9ment, ce n\u2019est plus anecdotique. On fait partie des grosses cylindr\u00e9es. Apr\u00e8s, on a surtout un collectif tr\u00e8s fort, en confiance, qui est s\u00fbr de ses forces. Ce soir, c\u2019est encore difficile de d\u00e9gager un joueur au-dessus des autres. C&rsquo;est ce qui fait notre force depuis le d\u00e9but de la saison. Un collectif tr\u00e8s fort qui joue souvent quasiment au maximum de son potentiel. Et quand on est comme \u00e7a, on sait qu&rsquo;on est capable de faire des belles choses. Encore une fois, ce soir, il y a eu des s\u00e9quences d\u00e9fensives incroyables. En fait, on n&rsquo;a pas de r\u00e9el point faible. En toute humilit\u00e9, je dis \u00e7a, mais sinc\u00e8rement, en toute objectivit\u00e9, je ne vois pas un secteur o\u00f9 on est vraiment en difficult\u00e9. on sait capable de dominer nos adversaires dans quelques secteurs que ce soit, et vous y ajoutez \u00e0 \u00e7a ce petit brin de confiance qui est indispensable pour tout sport de haut niveau, \u00e7a donne ce qu&rsquo;on est en train de faire en ce moment. Mais ces \u00e9quilibres sont fragiles aussi, donc attention.<\/p>\n","protected":false},"excerpt":{"rendered":"Fabien Fortassin avait le sourire apr\u00e8s la victoire autoritaire de ses hommes face \u00e0 Grenoble (33-15). Le manager&hellip;\n","protected":false},"author":2,"featured_media":595862,"comment_status":"","ping_status":"","sticky":false,"template":"","format":"standard","meta":{"footnotes":""},"categories":[9566],"tags":[1111,11,2430,1777,674,70853,1011,27,2731,12,2308,25,68796],"class_list":{"0":"post-595861","1":"post","2":"type-post","3":"status-publish","4":"format-standard","5":"has-post-thumbnail","7":"category-grenoble","8":"tag-actu","9":"tag-actualites","10":"tag-auvergne-rhone-alpes","11":"tag-eu","12":"tag-europe","13":"tag-fabien-fortassin","14":"tag-fr","15":"tag-france","16":"tag-grenoble","17":"tag-news","18":"tag-pro-d2","19":"tag-republique-francaise","20":"tag-rugby-u00e0-xv"},"share_on_mastodon":{"url":"https:\/\/pubeurope.com\/@fr\/115709353639119403","error":""},"_links":{"self":[{"href":"https:\/\/www.europesays.com\/fr\/wp-json\/wp\/v2\/posts\/595861","targetHints":{"allow":["GET"]}}],"collection":[{"href":"https:\/\/www.europesays.com\/fr\/wp-json\/wp\/v2\/posts"}],"about":[{"href":"https:\/\/www.europesays.com\/fr\/wp-json\/wp\/v2\/types\/post"}],"author":[{"embeddable":true,"href":"https:\/\/www.europesays.com\/fr\/wp-json\/wp\/v2\/users\/2"}],"replies":[{"embeddable":true,"href":"https:\/\/www.europesays.com\/fr\/wp-json\/wp\/v2\/comments?post=595861"}],"version-history":[{"count":0,"href":"https:\/\/www.europesays.com\/fr\/wp-json\/wp\/v2\/posts\/595861\/revisions"}],"wp:featuredmedia":[{"embeddable":true,"href":"https:\/\/www.europesays.com\/fr\/wp-json\/wp\/v2\/media\/595862"}],"wp:attachment":[{"href":"https:\/\/www.europesays.com\/fr\/wp-json\/wp\/v2\/media?parent=595861"}],"wp:term":[{"taxonomy":"category","embeddable":true,"href":"https:\/\/www.europesays.com\/fr\/wp-json\/wp\/v2\/categories?post=595861"},{"taxonomy":"post_tag","embeddable":true,"href":"https:\/\/www.europesays.com\/fr\/wp-json\/wp\/v2\/tags?post=595861"}],"curies":[{"name":"wp","href":"https:\/\/api.w.org\/{rel}","templated":true}]}}