{"id":595863,"date":"2025-12-13T00:09:15","date_gmt":"2025-12-13T00:09:15","guid":{"rendered":"https:\/\/www.europesays.com\/fr\/595863\/"},"modified":"2025-12-13T00:09:15","modified_gmt":"2025-12-13T00:09:15","slug":"gospel-chorale-et-marches-de-noel-nos-idees-de-sorties-pour-le-week-end-du-13-decembre-2025","status":"publish","type":"post","link":"https:\/\/www.europesays.com\/fr\/595863\/","title":{"rendered":"Gospel, chorale et march\u00e9s de No\u00ebl\u2026 Nos id\u00e9es de sorties pour le week-end du 13\u00a0d\u00e9cembre 2025"},"content":{"rendered":"<p>Une chorale de No\u00ebl \u00e0 l\u2019\u00e9glise Saint-Martin<\/p>\n<p>L\u2019association des amis de l\u2019orgue de l\u2019\u00e9glise Saint-Martin de Rennes (Ille-et-Vilaine) invite <a href=\"https:\/\/saint-malo.maville.com\/actu\/actudet_-l-ensemble-vocal-a-vous-sans-autre-en-concert-a-l-eglise-anglicane-de-dinard-_7-6024179_actu.Htm\" target=\"_blank\" rel=\"noopener\">l\u2019ensemble vocal \u00ab\u00a0A Vous Sans Autre\u00a0\u00bb dirig\u00e9 par Damien Simon<\/a> et soutenu par la harpe de Blanche Proust. Avec ce concert, l\u2019association promet \u00a0d\u2019emmener le public sur les chemins de No\u00ebl, un No\u00ebl de calme, de respect et de bienveillance, un No\u00ebl peut-\u00eatre idyllique et utopique mais un No\u00ebl rempli de s\u00e9r\u00e9nit\u00e9 et de paix\u00a0.<\/p>\n<p><strong>Dimanche 14\u00a0d\u00e9cembre 2025<\/strong>, \u00e0 15\u00a0h \u00e0 l\u2019\u00e9glise Saint-Martin, route de Saint-Malo. Tarifs\u00a0: libre participation<\/p>\n<p>March\u00e9 de No\u00ebl solidaire face au TNB<\/p>\n<p>Deux associations s\u2019unissent pour organiser un march\u00e9 de No\u00ebl solidaire samedi\u00a013 et dimanche 14\u00a0d\u00e9cembre 2025, en face du Th\u00e9\u00e2tre national de Bretagne, \u00e0 Rennes. <a href=\"https:\/\/rennes.maville.com\/actu\/actudet_-a-rennes-l-association-coeurs-resistants-vient-en-aide-aux-personnes-precaires-_52674-5433585_actu.Htm\" target=\"_self\" rel=\"noopener\">C\u0153urs r\u00e9sistants soutient les personnes sans domicile fixe<\/a> \u00e0 travers une aide alimentaire ainsi qu\u2019un magasin gratuit et une permanence. De son c\u00f4t\u00e9, <a href=\"https:\/\/www.ouest-france.fr\/economie\/entreprises\/rennes-onze-petits-editeurs-sassocient-4480183\" target=\"_self\" rel=\"noopener\">la Rennaise d\u2019\u00e9dition<\/a> rassemble les petites maisons d\u2019\u00e9dition ind\u00e9pendantes du territoire. 17\u00a0exposants et une dizaine d\u2019auteurs vont s\u2019installer dans les locaux de C\u0153urs r\u00e9sistants. On trouvera par exemple des tisanes, des bijoux, des livres, de la d\u00e9coration, des affiches\u2026 L\u2019ensemble des recettes g\u00e9n\u00e9r\u00e9es par la vente des emplacements sera revers\u00e9 \u00e0 C\u0153urs r\u00e9sistants.<\/p>\n<p><strong>Samedi\u00a013 et dimanche 14\u00a0d\u00e9cembre 2025<\/strong>, de 13\u00a0h \u00e0 19\u00a0h puis de 11\u00a0h \u00e0 19\u00a0h, en face du TNB.<\/p>\n<p>Concert gospel au centre Alma<\/p>\n<p>Ouvert exceptionnellement un dimanche, de 10\u00a0h \u00e0 19\u00a0h, le centre Alma place ses visiteurs dans une ambiance de No\u00ebl en y organisant un concert gospel. \u00c0 noter, la pr\u00e9sence quotidienne du P\u00e8re No\u00ebl, install\u00e9 place de la fontaine, tous les jours de 10\u00a0h \u00e0 13\u00a0h puis de 14\u00a0h \u00e0 20\u00a0h.<\/p>\n<p><strong>Dimanche 14\u00a0d\u00e9cembre 2025<\/strong>, \u00e0 16\u00a0h et \u00e0 17\u00a0h, place du man\u00e8ge, centre Alma.<\/p>\n<p>March\u00e9 de No\u00ebl artisanal rue Bahon Rault<\/p>\n<p>La coop\u00e9rative Comme un \u00e9tabli (CUE) organise la cinqui\u00e8me \u00e9dition du No\u00ebl des \u00c9tablis. Dans leur atelier partag\u00e9, la CUE propose \u00a0un march\u00e9 de No\u00ebl insolite\u00a0. Soixante\u00a0stands d\u2019exposantes et d\u2019exposants seront install\u00e9s le long des machines stationnaires bois et m\u00e9tal de l\u2019atelier. Sur place, une buvette servant cr\u00eapes, galettes, vin chaud, bi\u00e8res et soft sera \u00e9galement mise en place. Cette ann\u00e9e, la coop\u00e9rative en profite pour lancer leur premi\u00e8re tombola avec plus de trente fabuleux lots \u00e0 gagner\u00a0: cours de bricolages, c\u00e9ramiques, livres, savons\u2026<\/p>\n<p><strong>Samedi\u00a013 et dimanche 14\u00a0d\u00e9cembre 2025<\/strong>, de 11\u00a0h \u00e0 18\u00a0h au 5, rue Bahon Rault.<\/p>\n<p>\u00a0<\/p>\n","protected":false},"excerpt":{"rendered":"Une chorale de No\u00ebl \u00e0 l\u2019\u00e9glise Saint-Martin L\u2019association des amis de l\u2019orgue de l\u2019\u00e9glise Saint-Martin de Rennes (Ille-et-Vilaine)&hellip;\n","protected":false},"author":2,"featured_media":595864,"comment_status":"","ping_status":"","sticky":false,"template":"","format":"standard","meta":{"footnotes":""},"categories":[2821],"tags":[18876,17,1111,11,829,22417,49832,1777,674,1011,27,19274,3246,635,12,15830,584,25,1669,4064],"class_list":{"0":"post-595863","1":"post","2":"type-post","3":"status-publish","4":"format-standard","5":"has-post-thumbnail","7":"category-rennes","8":"tag-18876","9":"tag-17","10":"tag-actu","11":"tag-actualites","12":"tag-bretagne","13":"tag-chorale","14":"tag-decembre","15":"tag-eu","16":"tag-europe","17":"tag-fr","18":"tag-france","19":"tag-gospel","20":"tag-idees","21":"tag-marches","22":"tag-news","23":"tag-noel","24":"tag-rennes","25":"tag-republique-francaise","26":"tag-sorties","27":"tag-week-end"},"share_on_mastodon":{"url":"https:\/\/pubeurope.com\/@fr\/115709356589202822","error":""},"_links":{"self":[{"href":"https:\/\/www.europesays.com\/fr\/wp-json\/wp\/v2\/posts\/595863","targetHints":{"allow":["GET"]}}],"collection":[{"href":"https:\/\/www.europesays.com\/fr\/wp-json\/wp\/v2\/posts"}],"about":[{"href":"https:\/\/www.europesays.com\/fr\/wp-json\/wp\/v2\/types\/post"}],"author":[{"embeddable":true,"href":"https:\/\/www.europesays.com\/fr\/wp-json\/wp\/v2\/users\/2"}],"replies":[{"embeddable":true,"href":"https:\/\/www.europesays.com\/fr\/wp-json\/wp\/v2\/comments?post=595863"}],"version-history":[{"count":0,"href":"https:\/\/www.europesays.com\/fr\/wp-json\/wp\/v2\/posts\/595863\/revisions"}],"wp:featuredmedia":[{"embeddable":true,"href":"https:\/\/www.europesays.com\/fr\/wp-json\/wp\/v2\/media\/595864"}],"wp:attachment":[{"href":"https:\/\/www.europesays.com\/fr\/wp-json\/wp\/v2\/media?parent=595863"}],"wp:term":[{"taxonomy":"category","embeddable":true,"href":"https:\/\/www.europesays.com\/fr\/wp-json\/wp\/v2\/categories?post=595863"},{"taxonomy":"post_tag","embeddable":true,"href":"https:\/\/www.europesays.com\/fr\/wp-json\/wp\/v2\/tags?post=595863"}],"curies":[{"name":"wp","href":"https:\/\/api.w.org\/{rel}","templated":true}]}}