{"id":595869,"date":"2025-12-13T00:12:15","date_gmt":"2025-12-13T00:12:15","guid":{"rendered":"https:\/\/www.europesays.com\/fr\/595869\/"},"modified":"2025-12-13T00:12:15","modified_gmt":"2025-12-13T00:12:15","slug":"previsions-du-samedi-13-decembre-2025","status":"publish","type":"post","link":"https:\/\/www.europesays.com\/fr\/595869\/","title":{"rendered":"pr\u00e9visions du samedi 13 d\u00e9cembre 2025"},"content":{"rendered":"<p>Cette journ\u00e9e rimera avec grand soleil pour Strasbourg. Les valeurs s&rsquo;\u00e9chelonneront entre 5 et 9\u00b0C. Un vent de sud-ouest rafra\u00eechira quelque peu l&rsquo;atmosph\u00e8re. Les Strasbourgeois vont avoir froid le matin : les temp\u00e9ratures ne vont pas d\u00e9passer 8\u00b0C. Les valeurs seront de 5\u00b0C au minimum et de 8\u00b0C au plus haut. Les valeurs afficheront entre 7 et 9\u00b0C l&rsquo;apr\u00e8s-midi. On annonce des \u00e9claircies pour cette soir\u00e9e. Durant la nuit de samedi \u00e0 dimanche, le ciel sera clair.<\/p>\n<p>Demain, une chute du mercure est attendue \u00e0 Strasbourg. Les temp\u00e9ratures seront comprises entre 4 et 8\u00b0C. Un petit vent de sud-est sera ressenti par les habitants. Le ciel va l\u00e9g\u00e8rement se d\u00e9gager dans la matin\u00e9e avec des \u00e9claircies. Les valeurs s&rsquo;\u00e9chelonneront de 4 \u00e0 7\u00b0C. L&rsquo;apr\u00e8s-midi qui s&rsquo;annonce, promet d&rsquo;\u00eatre superbe et ensoleill\u00e9 ! Les temp\u00e9ratures s&rsquo;\u00e9chelonneront entre 6\u00b0C et 8\u00b0C. Apr\u00e8s un rapide passage nuageux, le ciel va s&rsquo;\u00e9claircir dans la soir\u00e9e. On anticipe des valeurs d&rsquo;environ 5\u00b0C.<\/p>\n<p>Les jours s&rsquo;encha\u00eenent et se ressemblent. Une m\u00e9t\u00e9o ensoleill\u00e9e, pour des temp\u00e9ratures de 6\u00b0C en moyenne, est pr\u00e9vue.<\/p>\n<p><\/p>\n","protected":false},"excerpt":{"rendered":"Cette journ\u00e9e rimera avec grand soleil pour Strasbourg. Les valeurs s&rsquo;\u00e9chelonneront entre 5 et 9\u00b0C. Un vent de&hellip;\n","protected":false},"author":2,"featured_media":595870,"comment_status":"","ping_status":"","sticky":false,"template":"","format":"standard","meta":{"footnotes":""},"categories":[2820],"tags":[1111,11,1777,674,1011,27,775,12,2119,25,640],"class_list":{"0":"post-595869","1":"post","2":"type-post","3":"status-publish","4":"format-standard","5":"has-post-thumbnail","7":"category-strasbourg","8":"tag-actu","9":"tag-actualites","10":"tag-eu","11":"tag-europe","12":"tag-fr","13":"tag-france","14":"tag-grand-est","15":"tag-news","16":"tag-previsions-meteo","17":"tag-republique-francaise","18":"tag-strasbourg"},"share_on_mastodon":{"url":"https:\/\/pubeurope.com\/@fr\/115709368413339230","error":""},"_links":{"self":[{"href":"https:\/\/www.europesays.com\/fr\/wp-json\/wp\/v2\/posts\/595869","targetHints":{"allow":["GET"]}}],"collection":[{"href":"https:\/\/www.europesays.com\/fr\/wp-json\/wp\/v2\/posts"}],"about":[{"href":"https:\/\/www.europesays.com\/fr\/wp-json\/wp\/v2\/types\/post"}],"author":[{"embeddable":true,"href":"https:\/\/www.europesays.com\/fr\/wp-json\/wp\/v2\/users\/2"}],"replies":[{"embeddable":true,"href":"https:\/\/www.europesays.com\/fr\/wp-json\/wp\/v2\/comments?post=595869"}],"version-history":[{"count":0,"href":"https:\/\/www.europesays.com\/fr\/wp-json\/wp\/v2\/posts\/595869\/revisions"}],"wp:featuredmedia":[{"embeddable":true,"href":"https:\/\/www.europesays.com\/fr\/wp-json\/wp\/v2\/media\/595870"}],"wp:attachment":[{"href":"https:\/\/www.europesays.com\/fr\/wp-json\/wp\/v2\/media?parent=595869"}],"wp:term":[{"taxonomy":"category","embeddable":true,"href":"https:\/\/www.europesays.com\/fr\/wp-json\/wp\/v2\/categories?post=595869"},{"taxonomy":"post_tag","embeddable":true,"href":"https:\/\/www.europesays.com\/fr\/wp-json\/wp\/v2\/tags?post=595869"}],"curies":[{"name":"wp","href":"https:\/\/api.w.org\/{rel}","templated":true}]}}