{"id":595873,"date":"2025-12-13T00:14:20","date_gmt":"2025-12-13T00:14:20","guid":{"rendered":"https:\/\/www.europesays.com\/fr\/595873\/"},"modified":"2025-12-13T00:14:20","modified_gmt":"2025-12-13T00:14:20","slug":"il-faut-de-la-consistance-tout-le-temps-relachement-interdit-pour-lalterna-stade-poitevin-face-a-nice","status":"publish","type":"post","link":"https:\/\/www.europesays.com\/fr\/595873\/","title":{"rendered":"\u00ab\u00a0il faut de la consistance tout le temps\u00a0\u00bb, rel\u00e2chement interdit pour l\u2019Alterna Stade Poitevin face \u00e0 Nice"},"content":{"rendered":"<p><strong>Alterna Stade Poitevin\u00a0&#8211; Nice<\/strong><\/p>\n<p>Pas le temps de souffler. Apr\u00e8s leur succ\u00e8s aussi ma\u00eetris\u00e9 qu\u2019impressionnant, mardi, \u00e0 l\u2019Arena Futuroscope, face au Panathina\u00efkos (3-0), les Poitevins vont devoir rapidement redescendre de leur petit nuage europ\u00e9en car les matchs s\u2019encha\u00eenent, avec la r\u00e9ception de Nice ce samedi avant un quart de finale de Coupe de France important \u00e0 disputer, mardi prochain, \u00e0 Paris. Un nouveau bon test pour cette jeune \u00e9quipe poitevine qui semble apprendre aussi vite qu\u2019elle retient les le\u00e7ons, notamment celle re\u00e7ue face \u00e0 Toulouse (2-3) quand elle avait l\u00e2ch\u00e9 un match qui ne semblait pas pouvoir lui \u00e9chapper.<\/p>\n<p>\u00ab\u00a0Apr\u00e8s un match de Coupe d\u2019Europe, il peut y avoir un petit moment de rel\u00e2chement, pr\u00e9venait C\u00e9dric Enard, d\u00e8s mardi soir. Quelle mobilisation on va \u00eatre capable de mettre en place pour rester focus et bien concentr\u00e9\u00a0? Si on analyse ces rencontres \u00e0 la suite, on pourrait se dire qu\u2019on a toujours des cartouches suppl\u00e9mentaires en championnat contrairement aux deux autres rendez-vous \u00e0 la vie \u00e0 la mort. Mais dans ce qu\u2019on souhaite faire, il faut de la consistance tout le temps. C\u2019est l\u00e0 que l\u2019on va pouvoir aussi juger notre \u00e9quipe et son niveau de concentration&#8230;. <\/p>\n<p>    Cet article a \u00e9t\u00e9 tronqu\u00e9. Abonnez-vous pour lire l&rsquo;article complet sur notre site.<\/p>\n<p>\u00a0\u00bb<\/p>\n<p style=\"margin: 0 !important; padding: 0 !important; font-size: 12px !important;\">Cet article a \u00e9t\u00e9 tronqu\u00e9. Abonnez-vous pour lire l&rsquo;article complet.<\/p>\n<p>    <a href=\"https:\/\/www.lanouvellerepublique.fr\/abonnements\" style=\"display: inline-block; margin-top: 5px !important; padding: 6px 12px !important; background: #cb1c27; color: white; text-decoration: none; border-radius: 4px; font-size: 12px !important;\" rel=\"nofollow noopener\" target=\"_blank\"><br \/>\n      S&rsquo;abonner<br \/>\n    <\/a><\/p>\n","protected":false},"excerpt":{"rendered":"Alterna Stade Poitevin\u00a0&#8211; Nice Pas le temps de souffler. Apr\u00e8s leur succ\u00e8s aussi ma\u00eetris\u00e9 qu\u2019impressionnant, mardi, \u00e0 l\u2019Arena&hellip;\n","protected":false},"author":2,"featured_media":595874,"comment_status":"","ping_status":"","sticky":false,"template":"","format":"standard","meta":{"footnotes":""},"categories":[2819],"tags":[1111,11,1654,1777,674,1011,27,1655,12,2401,1653,882,25,60,1584,1470],"class_list":{"0":"post-595873","1":"post","2":"type-post","3":"status-publish","4":"format-standard","5":"has-post-thumbnail","7":"category-nice","8":"tag-actu","9":"tag-actualites","10":"tag-alterna-stade-poitevin-volley-ball","11":"tag-eu","12":"tag-europe","13":"tag-fr","14":"tag-france","15":"tag-ligue-a","16":"tag-news","17":"tag-nice","18":"tag-poitiers","19":"tag-provence-alpes-cote-dazur","20":"tag-republique-francaise","21":"tag-sports","22":"tag-vienne","23":"tag-volley"},"share_on_mastodon":{"url":"https:\/\/pubeurope.com\/@fr\/115709376296049520","error":""},"_links":{"self":[{"href":"https:\/\/www.europesays.com\/fr\/wp-json\/wp\/v2\/posts\/595873","targetHints":{"allow":["GET"]}}],"collection":[{"href":"https:\/\/www.europesays.com\/fr\/wp-json\/wp\/v2\/posts"}],"about":[{"href":"https:\/\/www.europesays.com\/fr\/wp-json\/wp\/v2\/types\/post"}],"author":[{"embeddable":true,"href":"https:\/\/www.europesays.com\/fr\/wp-json\/wp\/v2\/users\/2"}],"replies":[{"embeddable":true,"href":"https:\/\/www.europesays.com\/fr\/wp-json\/wp\/v2\/comments?post=595873"}],"version-history":[{"count":0,"href":"https:\/\/www.europesays.com\/fr\/wp-json\/wp\/v2\/posts\/595873\/revisions"}],"wp:featuredmedia":[{"embeddable":true,"href":"https:\/\/www.europesays.com\/fr\/wp-json\/wp\/v2\/media\/595874"}],"wp:attachment":[{"href":"https:\/\/www.europesays.com\/fr\/wp-json\/wp\/v2\/media?parent=595873"}],"wp:term":[{"taxonomy":"category","embeddable":true,"href":"https:\/\/www.europesays.com\/fr\/wp-json\/wp\/v2\/categories?post=595873"},{"taxonomy":"post_tag","embeddable":true,"href":"https:\/\/www.europesays.com\/fr\/wp-json\/wp\/v2\/tags?post=595873"}],"curies":[{"name":"wp","href":"https:\/\/api.w.org\/{rel}","templated":true}]}}