{"id":595875,"date":"2025-12-13T00:15:22","date_gmt":"2025-12-13T00:15:22","guid":{"rendered":"https:\/\/www.europesays.com\/fr\/595875\/"},"modified":"2025-12-13T00:15:22","modified_gmt":"2025-12-13T00:15:22","slug":"en-loire-atlantique-des-mesures-pour-arreter-de-gaspiller-des-terres-2","status":"publish","type":"post","link":"https:\/\/www.europesays.com\/fr\/595875\/","title":{"rendered":"En Loire-Atlantique, des mesures pour arr\u00eater de gaspiller des terres"},"content":{"rendered":"<p>En Loire-Atlantique, 358\u00a0hectares disparaissent chaque ann\u00e9e sous l\u2019effet de l\u2019artificialisation. En dix ans, le d\u00e9partement a perdu un quart de ses fermes, quand les nouvelles g\u00e9n\u00e9rations peinent \u00e0 s\u2019installer\u00a0: manque de terres, prix du foncier, logements inaccessibles. Alors que \u00a0beaucoup de terres agricoles sont aval\u00e9es par l\u2019urbanisation\u00a0\u00bb, souligne Chlo\u00e9 Girardot-Moiti\u00e9, vice-pr\u00e9sidente du D\u00e9partement en charge des milieux naturels et de l\u2019action fonci\u00e8re, il faut \u00a0mobiliser tous les leviers possibles\u00a0. Comme <a href=\"https:\/\/rennes.maville.com\/actu\/actudet_-de-nouvelles-terres-protegees-par-le-departement-_8-5990559_actu.Htm\" target=\"_self\" rel=\"noopener\">le Pean, p\u00e9rim\u00e8tre de protection d\u2019espaces agricoles et naturels p\u00e9riurbains<\/a>.<\/p>\n<p>\t<img decoding=\"async\" src=\"https:\/\/www.europesays.com\/fr\/wp-content\/uploads\/2025\/12\/P35636712D7107011G_px_640_.jpg\" alt=\"photo les \u00e9lus du d\u00e9partement, de nantes m\u00e9tropole et des communes concern\u00e9es participaient \u00e0 un comit\u00e9 de pilotage de lancement du pean, ce mardi.  \u00a9  ouest-france\" width=\"640\" title=\" Les \u00e9lus du D\u00e9partement, de Nantes m\u00e9tropole et des communes concern\u00e9es participaient \u00e0 un comit\u00e9 de pilotage de lancement du Pean, ce mardi.   Ouest-France \"\/><\/p>\n<p class=\"elmt-legende\"> Les \u00e9lus du D\u00e9partement, de Nantes m\u00e9tropole et des communes concern\u00e9es participaient \u00e0 un comit\u00e9 de pilotage de lancement du Pean, ce mardi.   Ouest-France <\/p>\n<p>\u00a0Il ne s\u2019agit pas uniquement de sanctuariser des terres\u00a0\u00bb, pr\u00e9vient-elle, mais d\u2019\u00e9tablir \u00a0un programme d\u2019action\u00a0 favorisant l\u2019exploitation agricole, la gestion foresti\u00e8re\u2026 \u00a0Conserver des terres au prix de la terre agricole permet \u00e0 l\u2019exploitant d\u2019avoir de la visibilit\u00e9 sur l\u2019avenir de son m\u00e9tier\u00a0\u00bb, rel\u00e8ve Jean-Luc S\u00e9chet, vice-pr\u00e9sident du D\u00e9partement en charge de l\u2019agriculture.<\/p>\n<p>Les cinq premiers Pean, depuis 2013, ont prot\u00e9g\u00e9 35\u00a0100\u00a0hectares, un sixi\u00e8me, dans un p\u00e9rim\u00e8tre compris entre la Loire et le lac de Grand-Lieu, a \u00e9t\u00e9 pr\u00e9sent\u00e9 ce mardi 9\u00a0d\u00e9cembre, en pr\u00e9sence des \u00e9lus de Saint-Aignan-de-Grand-Lieu, Pont-Saint-Martin, Bouaye, La Montagne et Bouguenais.<\/p>\n<p>\u00c0 l\u2019\u00e9chelle de ces cinq communes, on compte pr\u00e8s de 2\u00a0000\u00a0ha de surfaces exploit\u00e9es. \u00c0 Bouaye, par exemple, on trouve l\u2019essentiel des surfaces viticoles du secteur\u00a0: \u00a0L\u2019un des trois exploitants doit faire beaucoup d\u2019investissements. Mais il veut s\u2019assurer de la pr\u00e9servation des terres \u00e0 tr\u00e8s long terme\u00a0\u00bb, d\u00e9veloppe le maire, Freddy Hervochon.<\/p>\n<p>La plupart de ces communes ont l\u2019habitude de travailler ensemble, mais d\u2019autres pourront se raccrocher \u00e0 ce p\u00e9rim\u00e8tre, plus tard. La conseill\u00e8re m\u00e9tropolitaine d\u00e9l\u00e9gu\u00e9e \u00e0 l\u2019agriculture Delphine Bonamy, indique que ce nouveau Pean accompagne \u00a0une strat\u00e9gie fonci\u00e8re plus globale, que porte la M\u00e9tropole, \u00e0 la fois sur le portage des fermes agricoles ou sur l\u2019acquisition de logements\u00a0, afin de faciliter les installations et les transmissions.<\/p>\n<p>\u00a0<\/p>\n","protected":false},"excerpt":{"rendered":"En Loire-Atlantique, 358\u00a0hectares disparaissent chaque ann\u00e9e sous l\u2019effet de l\u2019artificialisation. En dix ans, le d\u00e9partement a perdu un&hellip;\n","protected":false},"author":2,"featured_media":595626,"comment_status":"","ping_status":"","sticky":false,"template":"","format":"standard","meta":{"footnotes":""},"categories":[2818],"tags":[1111,11,42538,1777,674,1011,27,70828,3047,18236,766,12,2636,25,35111],"class_list":{"0":"post-595875","1":"post","2":"type-post","3":"status-publish","4":"format-standard","5":"has-post-thumbnail","7":"category-nantes","8":"tag-actu","9":"tag-actualites","10":"tag-arreter","11":"tag-eu","12":"tag-europe","13":"tag-fr","14":"tag-france","15":"tag-gaspiller","16":"tag-loire-atlantique","17":"tag-mesures","18":"tag-nantes","19":"tag-news","20":"tag-pays-de-la-loire","21":"tag-republique-francaise","22":"tag-terres"},"share_on_mastodon":{"url":"https:\/\/pubeurope.com\/@fr\/115709382097158271","error":""},"_links":{"self":[{"href":"https:\/\/www.europesays.com\/fr\/wp-json\/wp\/v2\/posts\/595875","targetHints":{"allow":["GET"]}}],"collection":[{"href":"https:\/\/www.europesays.com\/fr\/wp-json\/wp\/v2\/posts"}],"about":[{"href":"https:\/\/www.europesays.com\/fr\/wp-json\/wp\/v2\/types\/post"}],"author":[{"embeddable":true,"href":"https:\/\/www.europesays.com\/fr\/wp-json\/wp\/v2\/users\/2"}],"replies":[{"embeddable":true,"href":"https:\/\/www.europesays.com\/fr\/wp-json\/wp\/v2\/comments?post=595875"}],"version-history":[{"count":0,"href":"https:\/\/www.europesays.com\/fr\/wp-json\/wp\/v2\/posts\/595875\/revisions"}],"wp:featuredmedia":[{"embeddable":true,"href":"https:\/\/www.europesays.com\/fr\/wp-json\/wp\/v2\/media\/595626"}],"wp:attachment":[{"href":"https:\/\/www.europesays.com\/fr\/wp-json\/wp\/v2\/media?parent=595875"}],"wp:term":[{"taxonomy":"category","embeddable":true,"href":"https:\/\/www.europesays.com\/fr\/wp-json\/wp\/v2\/categories?post=595875"},{"taxonomy":"post_tag","embeddable":true,"href":"https:\/\/www.europesays.com\/fr\/wp-json\/wp\/v2\/tags?post=595875"}],"curies":[{"name":"wp","href":"https:\/\/api.w.org\/{rel}","templated":true}]}}