{"id":595876,"date":"2025-12-13T00:16:25","date_gmt":"2025-12-13T00:16:25","guid":{"rendered":"https:\/\/www.europesays.com\/fr\/595876\/"},"modified":"2025-12-13T00:16:25","modified_gmt":"2025-12-13T00:16:25","slug":"direction-la-ligue-2-12-12","status":"publish","type":"post","link":"https:\/\/www.europesays.com\/fr\/595876\/","title":{"rendered":"direction la Ligue 2 ? \u2013 12\/12"},"content":{"rendered":"<p>L\u2019After Foot, l&rsquo;\u00e9mission qui dit tout haut ce que le monde du foot pense tout bas, f\u00eate ses 20 ans cette saison ! A cette occasion, Gilbert Brisbois, Daniel Riolo et toute leur bande vous r\u00e9servent pleins de surprises ! Pour d\u00e9marrer la soir\u00e9e, Nicolas Jamain est aux commandes de \u00ab\u00a0G\u00e9n\u00e9ration After\u00a0\u00bb, de 20h00 \u00e0 22h00. Une \u00e9mission compos\u00e9e de chroniqueurs qui ont grandis avec l&rsquo;After : Walid Acherchour, Kevin Diaz, Jimmy Braun, Jennifer Mendelewitsch et Elton Mokolo. Le rendez-vous des passionn\u00e9s de foot avec des d\u00e9bats et des invit\u00e9s prestigieux. Les soirs de match, l&rsquo; \u00ab\u00a0After Live\u00a0\u00bb s&rsquo;installe de 20h00 \u00e0 23h00 incarn\u00e9 \u00e0 tour de r\u00f4le par Carine Galli, Nicolas Jamain et Jean-Louis Tourre. Eric Di Meco, Emmanuel Petit, J\u00e9r\u00f4me Rothen et Lionel Charbonnier viennent renforcer le dispositif les soirs de Coupes d&rsquo;Europe. En deuxi\u00e8me partie de soir\u00e9e, de 22h00 (ou d\u00e8s le coup de sifflet final du match) \u00e0 minuit, place \u00e0 la version originelle et historique de l&rsquo;After autour de Gilbert Brisbois, Daniel Riolo, Florent Gautreau et Jean-Louis Tourre du dimanche au jeudi. Carine Galli fait son retour dans l&rsquo;After et prend les commandes de l&rsquo;\u00e9mission les vendredis et samedis.<\/p>\n<p>Chaque jour, \u00e9coutez le Best-of de l&rsquo;Afterfoot, sur RMC la radio du Sport ! L\u2019After foot, c\u2019est LE show d\u2019apr\u00e8s-match et surtout la r\u00e9f\u00e9rence des fans de football depuis 19 ans ! Les rencontres se prolongent tous les soirs avec Gilbert Brisbois, Daniel Riolo et Florent Gautreau avec les r\u00e9actions des joueurs et entra\u00eeneurs, les conf\u00e9rences de presse d\u2019apr\u00e8s-match et les d\u00e9bats anim\u00e9s entre supporters, experts de l\u2019After et auditeurs RMC.<\/p>\n<p>L\u2019After Foot, l&rsquo;\u00e9mission qui dit tout haut ce que le monde du foot pense tout bas, f\u00eate ses 20 ans cette saison ! A cette occasion, Gilbert Brisbois, Daniel Riolo et toute leur bande vous r\u00e9servent pleins de surprises ! Pour d\u00e9marrer la soir\u00e9e, Nicolas Jamain est aux commandes de \u00ab\u00a0G\u00e9n\u00e9ration After\u00a0\u00bb, de 20h00 \u00e0 22h00. Une \u00e9mission compos\u00e9e de chroniqueurs qui ont grandis avec l&rsquo;After : Walid Acherchour, Kevin Diaz, Jimmy Braun, Jennifer Mendelewitsch et Elton Mokolo. Le rendez-vous des passionn\u00e9s de foot avec des d\u00e9bats et des invit\u00e9s prestigieux. Les soirs de match, l&rsquo; \u00ab\u00a0After Live\u00a0\u00bb s&rsquo;installe de 20h00 \u00e0 23h00 incarn\u00e9 \u00e0 tour de r\u00f4le par Carine Galli, Nicolas Jamain et Jean-Louis Tourre. Eric Di Meco, Emmanuel Petit, J\u00e9r\u00f4me Rothen et Lionel Charbonnier viennent renforcer le dispositif les soirs de Coupes d&rsquo;Europe. En deuxi\u00e8me partie de soir\u00e9e, de 22h00 (ou d\u00e8s le coup de sifflet final du match) \u00e0 minuit, place \u00e0 la version originelle et historique de l&rsquo;After autour de Gilbert Brisbois, Daniel Riolo, Florent Gautreau et Jean-Louis Tourre du dimanche au jeudi. Carine Galli fait son retour dans l&rsquo;After et prend les commandes de l&rsquo;\u00e9mission les vendredis et samedis.<\/p>\n<p>L\u2019After Foot, l&rsquo;\u00e9mission qui dit tout haut ce que le monde du foot pense tout bas, f\u00eate ses 20 ans cette saison ! A cette occasion, Gilbert Brisbois, Daniel Riolo et toute leur bande vous r\u00e9servent pleins de surprises ! Pour d\u00e9marrer la soir\u00e9e, Nicolas Jamain est aux commandes de \u00ab\u00a0G\u00e9n\u00e9ration After\u00a0\u00bb, de 20h00 \u00e0 22h00. Une \u00e9mission compos\u00e9e de chroniqueurs qui ont grandis avec l&rsquo;After : Walid Acherchour, Kevin Diaz, Jimmy Braun, Jennifer Mendelewitsch et Elton Mokolo. Le rendez-vous des passionn\u00e9s de foot avec des d\u00e9bats et des invit\u00e9s prestigieux. Les soirs de match, l&rsquo; \u00ab\u00a0After Live\u00a0\u00bb s&rsquo;installe de 20h00 \u00e0 23h00 incarn\u00e9 \u00e0 tour de r\u00f4le par Carine Galli, Nicolas Jamain et Jean-Louis Tourre. Eric Di Meco, Emmanuel Petit, J\u00e9r\u00f4me Rothen et Lionel Charbonnier viennent renforcer le dispositif les soirs de Coupes d&rsquo;Europe. En deuxi\u00e8me partie de soir\u00e9e, de 22h00 (ou d\u00e8s le coup de sifflet final du match) \u00e0 minuit, place \u00e0 la version originelle et historique de l&rsquo;After autour de Gilbert Brisbois, Daniel Riolo, Florent Gautreau et Jean-Louis Tourre du dimanche au jeudi. Carine Galli fait son retour dans l&rsquo;After et prend les commandes de l&rsquo;\u00e9mission les vendredis et samedis.<\/p>\n<p>L\u2019After Foot, l&rsquo;\u00e9mission qui dit tout haut ce que le monde du foot pense tout bas, f\u00eate ses 20 ans cette saison ! A cette occasion, Gilbert Brisbois, Daniel Riolo et toute leur bande vous r\u00e9servent pleins de surprises ! Pour d\u00e9marrer la soir\u00e9e, Nicolas Jamain est aux commandes de \u00ab\u00a0G\u00e9n\u00e9ration After\u00a0\u00bb, de 20h00 \u00e0 22h00. Une \u00e9mission compos\u00e9e de chroniqueurs qui ont grandis avec l&rsquo;After : Walid Acherchour, Kevin Diaz, Jimmy Braun, Jennifer Mendelewitsch et Elton Mokolo. Le rendez-vous des passionn\u00e9s de foot avec des d\u00e9bats et des invit\u00e9s prestigieux. Les soirs de match, l&rsquo; \u00ab\u00a0After Live\u00a0\u00bb s&rsquo;installe de 20h00 \u00e0 23h00 incarn\u00e9 \u00e0 tour de r\u00f4le par Carine Galli, Nicolas Jamain et Jean-Louis Tourre. Eric Di Meco, Emmanuel Petit, J\u00e9r\u00f4me Rothen et Lionel Charbonnier viennent renforcer le dispositif les soirs de Coupes d&rsquo;Europe. En deuxi\u00e8me partie de soir\u00e9e, de 22h00 (ou d\u00e8s le coup de sifflet final du match) \u00e0 minuit, place \u00e0 la version originelle et historique de l&rsquo;After autour de Gilbert Brisbois, Daniel Riolo, Florent Gautreau et Jean-Louis Tourre du dimanche au jeudi. Carine Galli fait son retour dans l&rsquo;After et prend les commandes de l&rsquo;\u00e9mission les vendredis et samedis.<\/p>\n<p>L\u2019After Foot, l&rsquo;\u00e9mission qui dit tout haut ce que le monde du foot pense tout bas, f\u00eate ses 20 ans cette saison ! A cette occasion, Gilbert Brisbois, Daniel Riolo et toute leur bande vous r\u00e9servent pleins de surprises ! Pour d\u00e9marrer la soir\u00e9e, Nicolas Jamain est aux commandes de \u00ab\u00a0G\u00e9n\u00e9ration After\u00a0\u00bb, de 20h00 \u00e0 22h00. Une \u00e9mission compos\u00e9e de chroniqueurs qui ont grandis avec l&rsquo;After : Walid Acherchour, Kevin Diaz, Jimmy Braun, Jennifer Mendelewitsch et Elton Mokolo. Le rendez-vous des passionn\u00e9s de foot avec des d\u00e9bats et des invit\u00e9s prestigieux. Les soirs de match, l&rsquo; \u00ab\u00a0After Live\u00a0\u00bb s&rsquo;installe de 20h00 \u00e0 23h00 incarn\u00e9 \u00e0 tour de r\u00f4le par Carine Galli, Nicolas Jamain et Jean-Louis Tourre. Eric Di Meco, Emmanuel Petit, J\u00e9r\u00f4me Rothen et Lionel Charbonnier viennent renforcer le dispositif les soirs de Coupes d&rsquo;Europe. En deuxi\u00e8me partie de soir\u00e9e, de 22h00 (ou d\u00e8s le coup de sifflet final du match) \u00e0 minuit, place \u00e0 la version originelle et historique de l&rsquo;After autour de Gilbert Brisbois, Daniel Riolo, Florent Gautreau et Jean-Louis Tourre du dimanche au jeudi. Carine Galli fait son retour dans l&rsquo;After et prend les commandes de l&rsquo;\u00e9mission les vendredis et samedis.<\/p>\n<p>L\u2019After Foot, l&rsquo;\u00e9mission qui dit tout haut ce que le monde du foot pense tout bas, f\u00eate ses 20 ans cette saison ! A cette occasion, Gilbert Brisbois, Daniel Riolo et toute leur bande vous r\u00e9servent pleins de surprises ! Pour d\u00e9marrer la soir\u00e9e, Nicolas Jamain est aux commandes de \u00ab\u00a0G\u00e9n\u00e9ration After\u00a0\u00bb, de 20h00 \u00e0 22h00. Une \u00e9mission compos\u00e9e de chroniqueurs qui ont grandis avec l&rsquo;After : Walid Acherchour, Kevin Diaz, Jimmy Braun, Jennifer Mendelewitsch et Elton Mokolo. Le rendez-vous des passionn\u00e9s de foot avec des d\u00e9bats et des invit\u00e9s prestigieux. Les soirs de match, l&rsquo; \u00ab\u00a0After Live\u00a0\u00bb s&rsquo;installe de 20h00 \u00e0 23h00 incarn\u00e9 \u00e0 tour de r\u00f4le par Carine Galli, Nicolas Jamain et Jean-Louis Tourre. Eric Di Meco, Emmanuel Petit, J\u00e9r\u00f4me Rothen et Lionel Charbonnier viennent renforcer le dispositif les soirs de Coupes d&rsquo;Europe. En deuxi\u00e8me partie de soir\u00e9e, de 22h00 (ou d\u00e8s le coup de sifflet final du match) \u00e0 minuit, place \u00e0 la version originelle et historique de l&rsquo;After autour de Gilbert Brisbois, Daniel Riolo, Florent Gautreau et Jean-Louis Tourre du dimanche au jeudi. Carine Galli fait son retour dans l&rsquo;After et prend les commandes de l&rsquo;\u00e9mission les vendredis et samedis.<\/p>\n<p>\u00ab\u00a0L\u2019\u00e9mission qui dit tout haut ce que le monde du foot pense tout bas ! L\u2019\u00ab After Foot \u00bb, de 20h \u00e0 minuit, \u00e9mission de foot la plus puissante en France, entame sa 19e saison ! Cette ann\u00e9e, c&rsquo;est Nicolas Jamain qui pilote les premi\u00e8res parties de soir\u00e9es : \u00ab G\u00e9n\u00e9ration After \u00bb les soirs sans matchs, de 20h \u00e0 22h, \u00e9mission compos\u00e9e de chroniqueurs qui ont grandi avec l\u2019After. Avec Kevin Diaz, Walid Acherchour, Jennifer Mendelewitsch, Damien Perquis, Simon Dutin, Jimmy Braun et Sofiane Zouaoui. Au programme, des d\u00e9bats passionn\u00e9s, de nombreux invit\u00e9s. \u00ab\u00a0\u00a0\u00bbAfter Live\u00a0\u00bb\u00a0\u00bb les soirs de matchs, de 20h \u00e0 23h. Venez vibrer sur les soir\u00e9es de coupes d&rsquo;Europe, Ligue 1, Ligue 2, Equipe de France et Coupe de France. J\u00e9r\u00f4me Rothen, Emmanuel Petit et Lionel Charbonnier viennent renforcer le dispositif les soirs de Ligue des Champions, Europa League et Europa Conf\u00e9rence League. En deuxi\u00e8me partie de soir\u00e9e, de 22h (ou 23h) \u00e0 minuit, place \u00e0 la version originelle et historique de l\u2019After autour de Gilbert Brisbois, Daniel Riolo et Florent Gautreau. Cette ann\u00e9e encore, Thibaut Giangrande pilote l\u2019After Foot le samedi soir. A ses c\u00f4t\u00e9s, Walid Acherchour, K\u00e9vin Diaz et Damien Perquis. Le dimanche, Jean-Louis Tourre prend les commandes en direct du stade de l&rsquo;affiche principale de la journ\u00e9e de Ligue 1 avec K\u00e9vin Diaz. Cette saison est aussi l&rsquo;\u00e9closion de la libre-antenne de l&rsquo;After : Plus d&rsquo;une cinquantaine de dates autour des meilleurs matchs de la saison, pour venir d\u00e9battre avec Nicolas Vilas et Thibaut Giangrande \u00e0 partir de minuit. Rendez-vous au 3216, surs les r\u00e9seaux sociaux ou le chat Youtube pour participer \u00e0 l&rsquo;\u00e9mission. \u00ab\u00a0<\/p>\n<p>L\u2019After Foot, l&rsquo;\u00e9mission qui dit tout haut ce que le monde du foot pense tout bas, f\u00eate ses 20 ans cette saison ! A cette occasion, Gilbert Brisbois, Daniel Riolo et toute leur bande vous r\u00e9servent pleins de surprises ! Pour d\u00e9marrer la soir\u00e9e, Nicolas Jamain est aux commandes de \u00ab\u00a0G\u00e9n\u00e9ration After\u00a0\u00bb, de 20h00 \u00e0 22h00. Une \u00e9mission compos\u00e9e de chroniqueurs qui ont grandis avec l&rsquo;After : Walid Acherchour, Kevin Diaz, Jimmy Braun, Jennifer Mendelewitsch et Elton Mokolo. Le rendez-vous des passionn\u00e9s de foot avec des d\u00e9bats et des invit\u00e9s prestigieux. Les soirs de match, l&rsquo; \u00ab\u00a0After Live\u00a0\u00bb s&rsquo;installe de 20h00 \u00e0 23h00 incarn\u00e9 \u00e0 tour de r\u00f4le par Carine Galli, Nicolas Jamain et Jean-Louis Tourre. Eric Di Meco, Emmanuel Petit, J\u00e9r\u00f4me Rothen et Lionel Charbonnier viennent renforcer le dispositif les soirs de Coupes d&rsquo;Europe. En deuxi\u00e8me partie de soir\u00e9e, de 22h00 (ou d\u00e8s le coup de sifflet final du match) \u00e0 minuit, place \u00e0 la version originelle et historique de l&rsquo;After autour de Gilbert Brisbois, Daniel Riolo, Florent Gautreau et Jean-Louis Tourre du dimanche au jeudi. Carine Galli fait son retour dans l&rsquo;After et prend les commandes de l&rsquo;\u00e9mission les vendredis et samedis.<\/p>\n","protected":false},"excerpt":{"rendered":"L\u2019After Foot, l&rsquo;\u00e9mission qui dit tout haut ce que le monde du foot pense tout bas, f\u00eate ses&hellip;\n","protected":false},"author":2,"featured_media":595877,"comment_status":"","ping_status":"","sticky":false,"template":"","format":"standard","meta":{"footnotes":""},"categories":[2818],"tags":[1111,11,1777,674,1011,27,766,12,2636,25],"class_list":{"0":"post-595876","1":"post","2":"type-post","3":"status-publish","4":"format-standard","5":"has-post-thumbnail","7":"category-nantes","8":"tag-actu","9":"tag-actualites","10":"tag-eu","11":"tag-europe","12":"tag-fr","13":"tag-france","14":"tag-nantes","15":"tag-news","16":"tag-pays-de-la-loire","17":"tag-republique-francaise"},"share_on_mastodon":{"url":"https:\/\/pubeurope.com\/@fr\/115709384060668756","error":""},"_links":{"self":[{"href":"https:\/\/www.europesays.com\/fr\/wp-json\/wp\/v2\/posts\/595876","targetHints":{"allow":["GET"]}}],"collection":[{"href":"https:\/\/www.europesays.com\/fr\/wp-json\/wp\/v2\/posts"}],"about":[{"href":"https:\/\/www.europesays.com\/fr\/wp-json\/wp\/v2\/types\/post"}],"author":[{"embeddable":true,"href":"https:\/\/www.europesays.com\/fr\/wp-json\/wp\/v2\/users\/2"}],"replies":[{"embeddable":true,"href":"https:\/\/www.europesays.com\/fr\/wp-json\/wp\/v2\/comments?post=595876"}],"version-history":[{"count":0,"href":"https:\/\/www.europesays.com\/fr\/wp-json\/wp\/v2\/posts\/595876\/revisions"}],"wp:featuredmedia":[{"embeddable":true,"href":"https:\/\/www.europesays.com\/fr\/wp-json\/wp\/v2\/media\/595877"}],"wp:attachment":[{"href":"https:\/\/www.europesays.com\/fr\/wp-json\/wp\/v2\/media?parent=595876"}],"wp:term":[{"taxonomy":"category","embeddable":true,"href":"https:\/\/www.europesays.com\/fr\/wp-json\/wp\/v2\/categories?post=595876"},{"taxonomy":"post_tag","embeddable":true,"href":"https:\/\/www.europesays.com\/fr\/wp-json\/wp\/v2\/tags?post=595876"}],"curies":[{"name":"wp","href":"https:\/\/api.w.org\/{rel}","templated":true}]}}