{"id":595888,"date":"2025-12-13T00:28:32","date_gmt":"2025-12-13T00:28:32","guid":{"rendered":"https:\/\/www.europesays.com\/fr\/595888\/"},"modified":"2025-12-13T00:28:32","modified_gmt":"2025-12-13T00:28:32","slug":"lille-le-gros-regret-de-genesio-sur-la-gestion-dun-bouaddi-abattu-apres-son-nouveau-carton-rouge","status":"publish","type":"post","link":"https:\/\/www.europesays.com\/fr\/595888\/","title":{"rendered":"Lille: le gros regret de Genesio sur la gestion d&rsquo;un Bouaddi \u00ab\u00a0abattu\u00a0\u00bb apr\u00e8s son nouveau carton rouge"},"content":{"rendered":"<p class=\"mb-4 text-lg md:leading-8 break-words\">Une d\u00e9faite sur la plus petite des marges qui r\u00e9sulte sur une grosse chute au classement. Le <a href=\"https:\/\/rmcsport.bfmtv.com\/football\/clubs\/losc-lille\/\" rel=\"nofollow noopener\" target=\"_blank\" data-ylk=\"slk:LOSC;elm:context_link;itc:0;sec:content-canvas\" class=\"link \">LOSC<\/a> a sign\u00e9 une bien mauvaise op\u00e9ration jeudi sur la pelouse des Young Boys de Berne, <a href=\"https:\/\/rmcsport.bfmtv.com\/football\/europa-league\/direct-young-boys-lille-suivez-le-match-du-losc-en-suisse-pour-la-ligue-europa-en-live_LS-202512110733.html\" rel=\"nofollow noopener\" target=\"_blank\" data-ylk=\"slk:s&#039;inclinant 1-0;elm:context_link;itc:0;sec:content-canvas\" class=\"link \">s&rsquo;inclinant 1-0<\/a> lors de la sixi\u00e8me journ\u00e9e de la <a href=\"https:\/\/rmcsport.bfmtv.com\/football\/europa-league\/\" rel=\"nofollow noopener\" target=\"_blank\" data-ylk=\"slk:Ligue Europa;elm:context_link;itc:0;sec:content-canvas\" class=\"link \">Ligue Europa<\/a>. Un revers qui a fait d\u00e9gringoler les Dogues de la 11e \u00e0 la 20e place du classement en C3. Dans une rencontre <a href=\"https:\/\/fr.news.yahoo.com\/sport\/logique-loi-soit-appliqu%C3%A9e-pourquoi-091044503.html\" data-ylk=\"slk:non-diffus\u00e9e en France;elm:context_link;itc:0;sec:content-canvas;outcm:mb_qualified_link;_E:mb_qualified_link;ct:story;\" class=\"link  yahoo-link\" target=\"_blank\" rel=\"noopener\">non-diffus\u00e9e en France<\/a> et plut\u00f4t ferm\u00e9e, l&rsquo;\u00e9quipe de Bruno Genesio a fini par craquer peu apr\u00e8s l&rsquo;heure de jeu sur une d\u00e9viation astucieuse de Darian Males pour tromper Berke \u00d6zer de pr\u00e8s (61e).<\/p>\n<p class=\"mb-4 text-lg md:leading-8 break-words\"><a href=\"https:\/\/rmcsport.bfmtv.com\/football\/europa-league\/direct-young-boys-lille-suivez-le-match-du-losc-en-suisse-pour-la-ligue-europa-en-live_LS-202512110733.html\" rel=\"nofollow noopener\" target=\"_blank\" data-ylk=\"slk:&gt;&gt; Revivez Young Boys-Losc;elm:context_link;itc:0;sec:content-canvas\" class=\"link \">&gt;&gt; Revivez Young Boys-Losc <\/a><\/p>\n<p class=\"mb-4 text-lg md:leading-8 break-words\">Mais le match avait bascul\u00e9 d\u00e8s la demie heure de jeu avec l&rsquo;expulsion <a href=\"https:\/\/rmcsport.bfmtv.com\/football\/ligue-1\/video-lille-on-a-21-d-ecart-c-est-bizarre-s-amuse-giroud-a-la-veille-des-18-ans-de-bouaddi_VN-202510010931.html\" rel=\"nofollow noopener\" target=\"_blank\" data-ylk=\"slk:d&#039;Ayyoub Bouaddi;elm:context_link;itc:0;sec:content-canvas\" class=\"link \">d&rsquo;Ayyoub Bouaddi<\/a> pour un ceinturage sur Alan Virginius qui se pr\u00e9sentait seul devant le portier lillois (31e).<\/p>\n<p class=\"mb-4 text-lg md:leading-8 break-words\">Berne a \u00e9galement obtenu un p\u00e9nalty \u00e0 la suite de cette faute, mais \u00d6zer est parti du bon c\u00f4t\u00e9, sur sa droite, pour repousser la tentative de Chris B\u00e9dia. Pas de quoi remonter le moral du jeune milieu de terrain.<\/p>\n<p>\u00ab\u00a0Il a v\u00e9cu une semaine pleine d&rsquo;\u00e9motions\u00a0\u00bb<\/p>\n<p class=\"mb-4 text-lg md:leading-8 break-words\">\u00ab\u00a0Il \u00e9tait abattu, \u00e0 la mi-temps et apr\u00e8s le match. Ca fait partie de l&rsquo;apprentissage dans sa jeune carri\u00e8re\u00a0\u00bb, a r\u00e9agi <a href=\"https:\/\/rmcsport.bfmtv.com\/football\/europa-league\/video-can-2025-la-blessure-d-igamane-parfaite-harmonie-entre-le-staff-du-losc-et-de-la-selection-marocaine-assure-genesio_VN-202512100774.html\" rel=\"nofollow noopener\" target=\"_blank\" data-ylk=\"slk:Bruno Genesio;elm:context_link;itc:0;sec:content-canvas\" class=\"link \">Bruno Genesio<\/a> en conf\u00e9rence de presse. \u00ab\u00a0Il a v\u00e9cu une semaine pleine d&rsquo;\u00e9motions avec sa prolongation et, vous avez vu ce matin, un article dans le journal. Ce n&rsquo;est jamais tr\u00e8s bon signe le jour du match, et \u00e7a s&rsquo;est v\u00e9rifi\u00e9 \u00e0 nouveau.\u00a0\u00bb<\/p>\n<p class=\"mb-4 text-lg md:leading-8 break-words\">Et d&rsquo;aller plus loin: \u00ab\u00a0C&rsquo;est aussi peut-\u00eatre notre responsabilit\u00e9. Peut-\u00eatre qu&rsquo;on aurait d\u00fb le prot\u00e9ger davantage. Prolongation de contrat, il a dix huit-ans, beaucoup de choses qui se disent autour de lui&#8230;\u00a0\u00bb<\/p>\n<p class=\"mb-4 text-lg md:leading-8 break-words\">\u00ab\u00a0Peut-\u00eatre qu&rsquo;il aurait \u00e9t\u00e9 plus opportun de le prot\u00e9ger. Mais c&rsquo;est facile \u00e0 dire apr\u00e8s coup. C&rsquo;est comme \u00e7a.\u00a0\u00bb<\/p>\n<p class=\"mb-4 text-lg md:leading-8 break-words\">Le 7 d\u00e9cembre, le LOSC a officialis\u00e9 <a href=\"https:\/\/fr.news.yahoo.com\/sport\/mercato-arsenal-fonce-ayyoub-bouaddi-151505717.html\" data-ylk=\"slk:la prolongation;elm:context_link;itc:0;sec:content-canvas;outcm:mb_qualified_link;_E:mb_qualified_link;ct:story;\" class=\"link  yahoo-link\" target=\"_blank\" rel=\"noopener\">la prolongation<\/a> d&rsquo;Ayyoub Bouaddi jusqu&rsquo;en 2029. Le milieu de terrain de 18 ans, qui a disput\u00e9 14 matchs de Ligue 1 et cinq de Ligue Europa depuis le d\u00e9but de saison avec le club lillois, suscite un grand int\u00e9r\u00eat chez plusieurs clubs europ\u00e9en d&rsquo;envergure, notamment <a href=\"https:\/\/rmcsport.bfmtv.com\/football\/premier-league\/arsenal_DN-202304160356.html\" rel=\"nofollow noopener\" target=\"_blank\" data-ylk=\"slk:Arsenal;elm:context_link;itc:0;sec:content-canvas\" class=\"link \">Arsenal<\/a> et <a href=\"https:\/\/rmcsport.bfmtv.com\/football\/premier-league\/chelsea_DN-202304160370.html\" rel=\"nofollow noopener\" target=\"_blank\" data-ylk=\"slk:Chelsea;elm:context_link;itc:0;sec:content-canvas\" class=\"link \">Chelsea<\/a>. Aujourd&rsquo;hui indispensable dans l&rsquo;entrejeu des Dogues, le jeune joueur avait d\u00e9j\u00e0 \u00e9t\u00e9 courtis\u00e9 par un gros club europ\u00e9en: le <a href=\"https:\/\/rmcsport.bfmtv.com\/football\/clubs\/paris-saint-germain\/\" rel=\"nofollow noopener\" target=\"_blank\" data-ylk=\"slk:PSG.;elm:context_link;itc:0;sec:content-canvas\" class=\"link \">PSG.<\/a> Mais en 2021, il a choisi sans h\u00e9siter de rejoindre Lille, pour des raisons sportives et humaines. Une d\u00e9cision <a href=\"https:\/\/fr.news.yahoo.com\/sport\/mercato-pourquoi-ayyoub-bouaddi-refus%C3%A9-122008969.html\" data-ylk=\"slk:qu&#039;il a d\u00e9taill\u00e9e;elm:context_link;itc:0;sec:content-canvas;outcm:mb_qualified_link;_E:mb_qualified_link;ct:story;\" class=\"link  yahoo-link\" target=\"_blank\" rel=\"noopener\">qu&rsquo;il a d\u00e9taill\u00e9e<\/a> dans un entretien publi\u00e9 par <a href=\"https:\/\/www.lequipe.fr\/Football\/Article\/Ayyoub-bouaddi-le-prodige-du-losc-revient-sur-son-debut-de-carriere-j-ai-eu-le-privilege-que-ca-soit-alle-assez-vite\/1615902\" rel=\"nofollow noopener\" target=\"_blank\" data-ylk=\"slk:L&#039;Equipe;elm:context_link;itc:0;sec:content-canvas\" class=\"link \">L&rsquo;Equipe<\/a> la veille au soir du match contre Berne.<\/p>\n<p>\u00ab\u00a0C&rsquo;est dans les erreurs et les \u00e9checs qu&rsquo;on apprend beaucoup\u00a0\u00bb<\/p>\n<p class=\"mb-4 text-lg md:leading-8 break-words\">Face aux Young Boys de Berne, Ayyoub Bouaddi a \u00e9cop\u00e9 de son second carton rouge en moins de deux semaines, apr\u00e8s celui lors de la victoire sur la pelouse du Havre (1-0) en championnat, le 30 novembre. En position de dernier d\u00e9fenseur, il avait d\u00e9s\u00e9quilibr\u00e9 Godson Kyeremeh aux abords de la surface (51e). \u00ab\u00a0Il s&rsquo;\u00e9tait un peu sacrifi\u00e9 pour l&rsquo;\u00e9quipe. Ce soir (jeudi), c&rsquo;est difficile de voir car on a un plan tr\u00e8s large, on ne voit pas tr\u00e8s bien ce qui se passe avant\u00a0\u00bb, a encore estim\u00e9 <a href=\"https:\/\/rmcsport.bfmtv.com\/football\/video-incidents-a-berne-avant-le-match-young-boys-losc-si-ca-continue-ils-ne-pourront-plus-se-deplacer_VN-202512110972.html\" rel=\"nofollow noopener\" target=\"_blank\" data-ylk=\"slk:Bruno Genesio;elm:context_link;itc:0;sec:content-canvas\" class=\"link \">Bruno Genesio<\/a> ce jeudi.<\/p>\n<p class=\"mb-4 text-lg md:leading-8 break-words\">Qui ne se voulait pas fataliste: \u00ab\u00a0En tous cas, ce sont des choses qui doivent leur faire avancer. C&rsquo;est aussi dans les erreurs et les \u00e9checs qu&rsquo;on apprend beaucoup, si on est capable d&rsquo;en tirer les le\u00e7ons. Je sais qu&rsquo;il le fera parce que c&rsquo;est un gar\u00e7on tr\u00e8s intelligent.\u00a0\u00bb<\/p>\n<p class=\"mb-4 text-lg md:leading-8 break-words\">\u00ab\u00a0Mais ce soir c&rsquo;\u00e9tait difficile pour lui dans le vestiaire. On va l&rsquo;accompagner, on va le soutenir.\u00a0\u00bb<\/p>\n<p class=\"mb-4 text-lg md:leading-8 break-words\">Vingti\u00e8me avec neuf points, le LOSC voit donc le top 8 s&rsquo;\u00e9loigner mais reste toujours bien plac\u00e9 dans la course aux barrages. Il faudra terminer le travail en janvier avec un d\u00e9placement au Celta Vigo, qui est juste devant les Dogues <a href=\"https:\/\/fr.news.yahoo.com\/sport\/ligue-europa-lol-leader-gros-220958089.html\" data-ylk=\"slk:au classement;elm:context_link;itc:0;sec:content-canvas;outcm:mb_qualified_link;_E:mb_qualified_link;ct:story;\" class=\"link  yahoo-link\" target=\"_blank\" rel=\"noopener\">au classement<\/a>, le 22 janvier, et la r\u00e9ception de Fribourg le 29 janvier.<\/p>\n<p class=\"mb-4 text-lg md:leading-8 break-words\"><a href=\"https:\/\/rmcsport.bfmtv.com\/football\/europa-league\/lille-le-gros-regret-de-genesio-sur-la-gestion-d-un-bouaddi-abattu-apres-son-nouveau-carton-rouge_AV-202512120425.html#xtor=AL-68\" rel=\"nofollow noopener\" target=\"_blank\" data-ylk=\"slk:Article original publi\u00e9 sur RMC Sport;elm:context_link;itc:0;sec:content-canvas\" class=\"link \">Article original publi\u00e9 sur RMC Sport<\/a><\/p>\n","protected":false},"excerpt":{"rendered":"Une d\u00e9faite sur la plus petite des marges qui r\u00e9sulte sur une grosse chute au classement. Le LOSC&hellip;\n","protected":false},"author":2,"featured_media":595889,"comment_status":"","ping_status":"","sticky":false,"template":"","format":"standard","meta":{"footnotes":""},"categories":[2815],"tags":[1111,11,70856,54701,8095,70857,1777,674,1011,27,70858,811,70855,5843,1307,2267,12,93,25,48742],"class_list":{"0":"post-595888","1":"post","2":"type-post","3":"status-publish","4":"format-standard","5":"has-post-thumbnail","7":"category-lille","8":"tag-actu","9":"tag-actualites","10":"tag-alan-virginius","11":"tag-ayyoub-bouaddi","12":"tag-bruno-genesio","13":"tag-darian-males","14":"tag-eu","15":"tag-europe","16":"tag-fr","17":"tag-france","18":"tag-godson-kyeremeh","19":"tag-hauts-de-france","20":"tag-le-losc","21":"tag-ligue-europa","22":"tag-lille","23":"tag-losc","24":"tag-news","25":"tag-psg","26":"tag-republique-francaise","27":"tag-young-boys-de-berne"},"share_on_mastodon":{"url":"https:\/\/pubeurope.com\/@fr\/115709431207482103","error":""},"_links":{"self":[{"href":"https:\/\/www.europesays.com\/fr\/wp-json\/wp\/v2\/posts\/595888","targetHints":{"allow":["GET"]}}],"collection":[{"href":"https:\/\/www.europesays.com\/fr\/wp-json\/wp\/v2\/posts"}],"about":[{"href":"https:\/\/www.europesays.com\/fr\/wp-json\/wp\/v2\/types\/post"}],"author":[{"embeddable":true,"href":"https:\/\/www.europesays.com\/fr\/wp-json\/wp\/v2\/users\/2"}],"replies":[{"embeddable":true,"href":"https:\/\/www.europesays.com\/fr\/wp-json\/wp\/v2\/comments?post=595888"}],"version-history":[{"count":0,"href":"https:\/\/www.europesays.com\/fr\/wp-json\/wp\/v2\/posts\/595888\/revisions"}],"wp:featuredmedia":[{"embeddable":true,"href":"https:\/\/www.europesays.com\/fr\/wp-json\/wp\/v2\/media\/595889"}],"wp:attachment":[{"href":"https:\/\/www.europesays.com\/fr\/wp-json\/wp\/v2\/media?parent=595888"}],"wp:term":[{"taxonomy":"category","embeddable":true,"href":"https:\/\/www.europesays.com\/fr\/wp-json\/wp\/v2\/categories?post=595888"},{"taxonomy":"post_tag","embeddable":true,"href":"https:\/\/www.europesays.com\/fr\/wp-json\/wp\/v2\/tags?post=595888"}],"curies":[{"name":"wp","href":"https:\/\/api.w.org\/{rel}","templated":true}]}}