{"id":595892,"date":"2025-12-13T00:32:19","date_gmt":"2025-12-13T00:32:19","guid":{"rendered":"https:\/\/www.europesays.com\/fr\/595892\/"},"modified":"2025-12-13T00:32:19","modified_gmt":"2025-12-13T00:32:19","slug":"previsions-du-samedi-13-decembre-2025-2","status":"publish","type":"post","link":"https:\/\/www.europesays.com\/fr\/595892\/","title":{"rendered":"pr\u00e9visions du samedi 13 d\u00e9cembre 2025"},"content":{"rendered":"<p>Marseille aura le plaisir de pouvoir profiter d&rsquo;une superbe journ\u00e9e ensoleill\u00e9e. Il fera en moyenne 13\u00b0C. Le matin, on pr\u00e9voit des temp\u00e9ratures d&rsquo;environ 12\u00b0C. Un vent de nord-est rafra\u00eechira l\u00e9g\u00e8rement l&rsquo;atmosph\u00e8re. Les valeurs afficheront entre 13 et 15\u00b0C pendant l&rsquo;apr\u00e8s-midi. La ville profitera de quelques \u00e9claircies le soir. Les temp\u00e9ratures seront de 13\u00b0C. Durant votre sommeil, dans la nuit de samedi \u00e0 dimanche, le ciel sera clair.<\/p>\n<p>Demain, les Marseillais vont pouvoir b\u00e9n\u00e9ficier d&rsquo;un soleil radieux. Les temp\u00e9ratures seront comprises entre 11 et 14\u00b0C. Un modeste vent de sud-est sera ressenti par les habitants. Le matin, les valeurs s&rsquo;\u00e9chelonneront entre 11 et 14\u00b0C. Les temp\u00e9ratures afficheront entre 13\u00b0C et 14\u00b0C dans l&rsquo;apr\u00e8s-midi. Des \u00e9claircies feront leur apparition dans la soir\u00e9e. Il va faire 12\u00b0C en moyenne.<\/p>\n<p>On pr\u00e9voit une d\u00e9gradation mardi, apr\u00e8s une journ\u00e9e nuageuse lundi.<\/p>\n<p><\/p>\n","protected":false},"excerpt":{"rendered":"Marseille aura le plaisir de pouvoir profiter d&rsquo;une superbe journ\u00e9e ensoleill\u00e9e. Il fera en moyenne 13\u00b0C. Le matin,&hellip;\n","protected":false},"author":2,"featured_media":595893,"comment_status":"","ping_status":"","sticky":false,"template":"","format":"standard","meta":{"footnotes":""},"categories":[2814],"tags":[1111,11,1777,674,1011,27,884,12,2119,882,25],"class_list":{"0":"post-595892","1":"post","2":"type-post","3":"status-publish","4":"format-standard","5":"has-post-thumbnail","7":"category-marseille","8":"tag-actu","9":"tag-actualites","10":"tag-eu","11":"tag-europe","12":"tag-fr","13":"tag-france","14":"tag-marseille","15":"tag-news","16":"tag-previsions-meteo","17":"tag-provence-alpes-cote-dazur","18":"tag-republique-francaise"},"share_on_mastodon":{"url":"https:\/\/pubeurope.com\/@fr\/115709446902146578","error":""},"_links":{"self":[{"href":"https:\/\/www.europesays.com\/fr\/wp-json\/wp\/v2\/posts\/595892","targetHints":{"allow":["GET"]}}],"collection":[{"href":"https:\/\/www.europesays.com\/fr\/wp-json\/wp\/v2\/posts"}],"about":[{"href":"https:\/\/www.europesays.com\/fr\/wp-json\/wp\/v2\/types\/post"}],"author":[{"embeddable":true,"href":"https:\/\/www.europesays.com\/fr\/wp-json\/wp\/v2\/users\/2"}],"replies":[{"embeddable":true,"href":"https:\/\/www.europesays.com\/fr\/wp-json\/wp\/v2\/comments?post=595892"}],"version-history":[{"count":0,"href":"https:\/\/www.europesays.com\/fr\/wp-json\/wp\/v2\/posts\/595892\/revisions"}],"wp:featuredmedia":[{"embeddable":true,"href":"https:\/\/www.europesays.com\/fr\/wp-json\/wp\/v2\/media\/595893"}],"wp:attachment":[{"href":"https:\/\/www.europesays.com\/fr\/wp-json\/wp\/v2\/media?parent=595892"}],"wp:term":[{"taxonomy":"category","embeddable":true,"href":"https:\/\/www.europesays.com\/fr\/wp-json\/wp\/v2\/categories?post=595892"},{"taxonomy":"post_tag","embeddable":true,"href":"https:\/\/www.europesays.com\/fr\/wp-json\/wp\/v2\/tags?post=595892"}],"curies":[{"name":"wp","href":"https:\/\/api.w.org\/{rel}","templated":true}]}}