{"id":595900,"date":"2025-12-13T00:42:18","date_gmt":"2025-12-13T00:42:18","guid":{"rendered":"https:\/\/www.europesays.com\/fr\/595900\/"},"modified":"2025-12-13T00:42:18","modified_gmt":"2025-12-13T00:42:18","slug":"anne-hidalgo-echoue-a-prendre-la-tete-du-haut-commissariat-de-lonu-pour-les-refugies","status":"publish","type":"post","link":"https:\/\/www.europesays.com\/fr\/595900\/","title":{"rendered":"Anne Hidalgo \u00e9choue \u00e0 prendre la t\u00eate du Haut-Commissariat de l&rsquo;ONU pour les r\u00e9fugi\u00e9s"},"content":{"rendered":"<p class=\"article-p mdl\">Cela devait \u00eatre la suite apr\u00e8s la mairie de Paris. Anne Hidalgo assumait de \u00ab\u00a0faire activement campagne\u00a0\u00bb afin de devenir cheffe du Haut-Commissariat de l&rsquo;ONU pour les r\u00e9fugi\u00e9s. Mais finalement celle qui est encore maire de la capitale pour les trois prochains mois a vu ses plans contrari\u00e9s. C&rsquo;est finalement l&rsquo;ancien pr\u00e9sident irakien Barham Saleh, une personnalit\u00e9 kurde, qui a \u00e9t\u00e9 nomm\u00e9 \u00e0 ce poste, a indiqu\u00e9, ce vendredi 11 d\u00e9cembre \u00e0 l&rsquo;AFP une source onusienne. Il va succ\u00e9der en janvier \u00e0 l&rsquo;Italien Filippo Grandi, qui a pass\u00e9 dix ans aux commandes du Haut-Commissariat de l&rsquo;ONU pour les r\u00e9fugi\u00e9s.\u00a0<\/p>\n<p class=\"article-p mdl\">Une source interne, cit\u00e9e par\u00a0<a class=\"link\" href=\"https:\/\/www.lefigaro.fr\/politique\/anne-hidalgo-echoue-a-prendre-la-tete-du-haut-commissariat-aux-refugies-de-l-onu-20251212\" target=\"_blank\" rel=\"noopener\">Le Figaro<\/a>, \u00e9voque la raison de cet \u00e9chec. Elle n&rsquo;a \u00ab\u00a0jamais \u00e9t\u00e9 consid\u00e9r\u00e9e comme une candidate au niveau requis\u00a0\u00bb. Dans l&rsquo;entourage de l&rsquo;\u00e9dile, on relativise. Cit\u00e9 par\u00a0<a class=\"link\" href=\"https:\/\/www.leparisien.fr\/paris-75\/onu-espere-par-anne-hidalgo-le-haut-commissariat-pour-les-refugies-attribue-a-lirakien-barham-saleh-12-12-2025-FPBKOS7XKJALBJCPCLQJ7LLEVE.php\" target=\"_blank\" rel=\"noopener\">Le Parisien<\/a>, un proche explique qu&rsquo; Anne Hidalgo \u00ab\u00a0est forc\u00e9ment d\u00e9\u00e7ue mais pas abattue\u00a0\u00bb. \u00ab\u00a0Elle a tout de suite dit qu\u2019elle passait \u00e0 autre chose, \u00e0 commencer par finir son second mandat jusque fin mars. On a appris l\u2019information dans la nuit. Anne a rapidement su que ce n\u2019\u00e9tait pas un(e) candidat(e) europ\u00e9en qui serait retenu. Vous savez, \u00e0 l\u2019ONU, c\u2019est un v\u00e9ritable jeu d\u2019influence\u00a0\u00bb, a-t-il ajout\u00e9.\u00a0<\/p>\n<p class=\"article-p mdl\">Si certains ont point\u00e9 le manque d&rsquo;implication d&rsquo;Emmanuel Macron, ce proche de la maire socialiste de Paris a assur\u00e9 : \u00ab\u00a0Le manque d\u2019investissement d\u2019Emmanuel Macron n\u2019est pas en cause\u00a0\u00bb.<\/p>\n<p>    La r\u00e9daction vous recommande<\/p>\n<p class=\"s-newsletter__title\">\n                L\u2019actualit\u00e9 par la r\u00e9daction de RTL dans votre bo\u00eete mail.\n            <\/p>\n<p class=\"s-newsletter__subtitle\">\n                Gr\u00e2ce \u00e0 votre compte RTL abonnez-vous \u00e0 la newsletter RTL info pour suivre toute l&rsquo;actualit\u00e9 au quotidien\n            <\/p>\n<p>\n                                    Lire la suite\n                                <\/p>\n","protected":false},"excerpt":{"rendered":"Cela devait \u00eatre la suite apr\u00e8s la mairie de Paris. Anne Hidalgo assumait de \u00ab\u00a0faire activement campagne\u00a0\u00bb afin&hellip;\n","protected":false},"author":2,"featured_media":595901,"comment_status":"","ping_status":"","sticky":false,"template":"","format":"standard","meta":{"footnotes":""},"categories":[1888],"tags":[1111,1928,11,1927,2618,1777,674,107,1011,27,12,1926,3521,626,1925,25],"class_list":{"0":"post-595900","1":"post","2":"type-post","3":"status-publish","4":"format-standard","5":"has-post-thumbnail","7":"category-paris","8":"tag-actu","9":"tag-actu-paris","10":"tag-actualites","11":"tag-actualites-paris","12":"tag-anne-hidalgo","13":"tag-eu","14":"tag-europe","15":"tag-fil-info","16":"tag-fr","17":"tag-france","18":"tag-news","19":"tag-news-paris","20":"tag-onu","21":"tag-paris","22":"tag-paris-news","23":"tag-republique-francaise"},"share_on_mastodon":{"url":"https:\/\/pubeurope.com\/@fr\/115709486410640280","error":""},"_links":{"self":[{"href":"https:\/\/www.europesays.com\/fr\/wp-json\/wp\/v2\/posts\/595900","targetHints":{"allow":["GET"]}}],"collection":[{"href":"https:\/\/www.europesays.com\/fr\/wp-json\/wp\/v2\/posts"}],"about":[{"href":"https:\/\/www.europesays.com\/fr\/wp-json\/wp\/v2\/types\/post"}],"author":[{"embeddable":true,"href":"https:\/\/www.europesays.com\/fr\/wp-json\/wp\/v2\/users\/2"}],"replies":[{"embeddable":true,"href":"https:\/\/www.europesays.com\/fr\/wp-json\/wp\/v2\/comments?post=595900"}],"version-history":[{"count":0,"href":"https:\/\/www.europesays.com\/fr\/wp-json\/wp\/v2\/posts\/595900\/revisions"}],"wp:featuredmedia":[{"embeddable":true,"href":"https:\/\/www.europesays.com\/fr\/wp-json\/wp\/v2\/media\/595901"}],"wp:attachment":[{"href":"https:\/\/www.europesays.com\/fr\/wp-json\/wp\/v2\/media?parent=595900"}],"wp:term":[{"taxonomy":"category","embeddable":true,"href":"https:\/\/www.europesays.com\/fr\/wp-json\/wp\/v2\/categories?post=595900"},{"taxonomy":"post_tag","embeddable":true,"href":"https:\/\/www.europesays.com\/fr\/wp-json\/wp\/v2\/tags?post=595900"}],"curies":[{"name":"wp","href":"https:\/\/api.w.org\/{rel}","templated":true}]}}