{"id":595908,"date":"2025-12-13T00:46:13","date_gmt":"2025-12-13T00:46:13","guid":{"rendered":"https:\/\/www.europesays.com\/fr\/595908\/"},"modified":"2025-12-13T00:46:13","modified_gmt":"2025-12-13T00:46:13","slug":"ukraine-kiev-na-fait-aucun-deal-sur-les-territoires-et-ne-lenvisage-pas-aujourdhui-dit-la-france","status":"publish","type":"post","link":"https:\/\/www.europesays.com\/fr\/595908\/","title":{"rendered":"Ukraine : Kiev n&rsquo;a fait aucun \u00ab\u00a0deal sur les territoires\u00a0\u00bb et ne l&rsquo;envisage pas aujourd&rsquo;hui, dit la France"},"content":{"rendered":"<p>L&rsquo;immobilisation \u00ab\u00a0aussi longtemps que n\u00e9cessaire\u00a0\u00bb des quelque 200 milliards d&rsquo;actifs de la Russie plac\u00e9s en Europe est \u00ab\u00a0une d\u00e9cision majeure\u00a0\u00bb prise par l&rsquo;Union europ\u00e9enne, a estim\u00e9 Jean-No\u00ebl Barrot alors que les 27 Etats membres de l&rsquo;Union europ\u00e9enne doivent ent\u00e9riner une d\u00e9cision en ce sens vendredi.<\/p>\n<p>Au d\u00e9but de la guerre, ces actifs russes ont \u00e9t\u00e9 immobilis\u00e9s pour une dur\u00e9e de six mois, renouvelable tous les six mois, \u00e0 condition que tous les 27 pays europ\u00e9ens soient d&rsquo;accord.<\/p>\n<p>\u00ab\u00a0Ce qui suppose que si un pays s&rsquo;y oppose, la Russie pouvait \u00e0 tout moment r\u00e9cup\u00e9rer ses sommes\u00a0\u00bb, a expliqu\u00e9 Jean-No\u00ebl Barrot sur France Info. \u00ab\u00a0Ce que nous voulons, c&rsquo;est la s\u00e9curit\u00e9 pour l&rsquo;Europe et les Europ\u00e9ens\u00a0\u00bb.<\/p>\n<p>Selon lui, ces actifs seront immobilis\u00e9s \u00ab\u00a0jusqu&rsquo;\u00e0 ce que la Russie cesse sa guerre d&rsquo;agression et verse des r\u00e9parations \u00e0 l&rsquo;Europe\u00a0\u00bb.<\/p>\n","protected":false},"excerpt":{"rendered":"L&rsquo;immobilisation \u00ab\u00a0aussi longtemps que n\u00e9cessaire\u00a0\u00bb des quelque 200 milliards d&rsquo;actifs de la Russie plac\u00e9s en Europe est \u00ab\u00a0une&hellip;\n","protected":false},"author":2,"featured_media":116434,"comment_status":"","ping_status":"","sticky":false,"template":"","format":"standard","meta":{"footnotes":""},"categories":[1591],"tags":[1111,11,1921,75,73,1887,1922,12,1885,1886,132,220,1917,67457,133,1920,135,134],"class_list":{"0":"post-595908","1":"post","2":"type-post","3":"status-publish","4":"format-standard","5":"has-post-thumbnail","7":"category-russie","8":"tag-actu","9":"tag-actualites","10":"tag-article-video","11":"tag-donald-trump","12":"tag-etats-unis","13":"tag-federation-de-russie","14":"tag-info","15":"tag-news","16":"tag-russia","17":"tag-russian-federation","18":"tag-russie","19":"tag-ukraine","20":"tag-ukraine-4-annee-de-guerre","21":"tag-ukraine-russie-la-perspective-de-negociations-relancee","22":"tag-video","23":"tag-video-international","24":"tag-vladimir-poutine","25":"tag-volodymyr-zelensky"},"share_on_mastodon":{"url":"https:\/\/pubeurope.com\/@fr\/115709502157124694","error":""},"_links":{"self":[{"href":"https:\/\/www.europesays.com\/fr\/wp-json\/wp\/v2\/posts\/595908","targetHints":{"allow":["GET"]}}],"collection":[{"href":"https:\/\/www.europesays.com\/fr\/wp-json\/wp\/v2\/posts"}],"about":[{"href":"https:\/\/www.europesays.com\/fr\/wp-json\/wp\/v2\/types\/post"}],"author":[{"embeddable":true,"href":"https:\/\/www.europesays.com\/fr\/wp-json\/wp\/v2\/users\/2"}],"replies":[{"embeddable":true,"href":"https:\/\/www.europesays.com\/fr\/wp-json\/wp\/v2\/comments?post=595908"}],"version-history":[{"count":0,"href":"https:\/\/www.europesays.com\/fr\/wp-json\/wp\/v2\/posts\/595908\/revisions"}],"wp:featuredmedia":[{"embeddable":true,"href":"https:\/\/www.europesays.com\/fr\/wp-json\/wp\/v2\/media\/116434"}],"wp:attachment":[{"href":"https:\/\/www.europesays.com\/fr\/wp-json\/wp\/v2\/media?parent=595908"}],"wp:term":[{"taxonomy":"category","embeddable":true,"href":"https:\/\/www.europesays.com\/fr\/wp-json\/wp\/v2\/categories?post=595908"},{"taxonomy":"post_tag","embeddable":true,"href":"https:\/\/www.europesays.com\/fr\/wp-json\/wp\/v2\/tags?post=595908"}],"curies":[{"name":"wp","href":"https:\/\/api.w.org\/{rel}","templated":true}]}}