{"id":595909,"date":"2025-12-13T00:47:15","date_gmt":"2025-12-13T00:47:15","guid":{"rendered":"https:\/\/www.europesays.com\/fr\/595909\/"},"modified":"2025-12-13T00:47:15","modified_gmt":"2025-12-13T00:47:15","slug":"lukraine-na-fait-aucun-deal-sur-les-territoires-recadre-lelysee","status":"publish","type":"post","link":"https:\/\/www.europesays.com\/fr\/595909\/","title":{"rendered":"L\u2019Ukraine n\u2019a fait aucun \u00ab\u00a0deal sur les territoires\u00a0\u00bb, recadre l\u2019\u00c9lys\u00e9e"},"content":{"rendered":"<p>        <img decoding=\"async\" loading=\"lazy\" src=\"https:\/\/www.europesays.com\/fr\/wp-content\/uploads\/2025\/12\/154b6c2_upload-1-l5o8x1ird7rm-afp-20251208-87fu6wj-v4-highres-britainukrainefrancerussiagermanyconfl.jpeg\"  width=\"728\" height=\"409\" alt=\"Volodymyr Zelensky, Keir Starmer, Emmanuel Macron et Friedrich Merz, r\u00e9unis \u00e0 Londres, le 8\u00a0d\u00e9cembre 2025.\"\/>  <\/p>\n<p>ADRIAN DENNIS \/ AFP<\/p>\n<p>Volodymyr Zelensky, Keir Starmer, Emmanuel Macron et Friedrich Merz, r\u00e9unis \u00e0 Londres, le 8\u00a0d\u00e9cembre 2025.<\/p>\n<p class=\"asset asset-text\">Des informations de presse laissaient penser cette semaine que l\u2019Ukraine <a href=\"https:\/\/www.huffingtonpost.fr\/international\/article\/en-ukraine-cette-proposition-des-americains-sur-donetsk-ne-ravit-pas-vraiment-volodymyr-zelensky_258135.html\" target=\"_blank\" rel=\"noopener\">\u00e9tait ouverte \u00e0 une d\u00e9militarisation de territoires<\/a> qu\u2019elle contr\u00f4le encore et que les Russes r\u00e9clament. Mais selon un conseiller d\u2019Emmanuel Macron, il n\u2019est aucunement question de concession territoriale des Ukrainiens dans leurs discussions avec Washington.<\/p>\n<p class=\"asset asset-text\">\u00ab\u00a0Les Ukrainiens n\u2019ont pas fait de deal sur les territoires, n\u2019envisagent pas aujourd\u2019hui de deal sur les territoires, n\u2019envisagent pas de DMZ (zone d\u00e9militaris\u00e9e)\u00a0\u00bb, a-t-il d\u00e9clar\u00e9 ce vendredi 12\u00a0d\u00e9cembre dans la soir\u00e9e.<\/p>\n<p class=\"asset asset-text\">Un conseiller du pr\u00e9sident Volodymyr Zelensky, Mikha\u00eflo Podoliak, avait sembl\u00e9 se rallier \u00e0 cette id\u00e9e <a href=\"https:\/\/www.lemonde.fr\/international\/article\/2025\/12\/11\/l-ukraine-est-prete-a-accepter-une-zone-demilitarisee-dans-le-donbass_6656943_3210.html\" target=\"_blank\" rel=\"noopener\" title=\"Nouvelle fen\u00eatre\">en d\u00e9clarant au dans Le Monde<\/a> qu\u2019\u00ab\u00a0une zone d\u00e9militaris\u00e9e devra exister de part et d\u2019autre de la ligne\u00a0\u00bb de front et qu\u2019une partie du territoire \u00ab\u00a0restera malheureusement sous occupation de facto de la Russie\u00a0\u00bb.<\/p>\n<p class=\"asset asset-text\">La conversation mercredi entre Emmanuel Macron, le chancelier allemand Friedrich Merz, le Premier ministre britannique Keir Starmer et le pr\u00e9sident am\u00e9ricain <a href=\"https:\/\/www.huffingtonpost.fr\/international\/article\/pour-trump-c-est-le-moment-d-organiser-des-elections-en-ukraine_258038.html\" target=\"_blank\" rel=\"noopener\">Donald Trump<\/a> a de ce point de vue \u00e9t\u00e9 \u00ab\u00a0difficile\u00a0\u00bb, a conc\u00e9d\u00e9 le conseiller, \u00e9voquant des \u00ab\u00a0diff\u00e9rences\u00a0\u00bb avec les Am\u00e9ricains sur \u00ab\u00a0la mani\u00e8re dont doit s\u2019organiser la s\u00e9quence des prochains jours, des prochaines semaines\u00a0\u00bb.<\/p>\n<p class=\"asset asset-text\">Par ailleurs, Europ\u00e9ens et Ukrainiens demandent aux Am\u00e9ricains de leur apporter des \u00ab\u00a0garanties de s\u00e9curit\u00e9\u00a0\u00bb avant toute n\u00e9gociation avec les Russes sur les questions territoriales, a d\u00e9clar\u00e9 ce vendredi la pr\u00e9sidence fran\u00e7aise.<\/p>\n<p class=\"asset asset-text\">\u00ab\u00a0Il faut une pleine visibilit\u00e9 sur les garanties de s\u00e9curit\u00e9 que peuvent donner les Europ\u00e9ens et les Am\u00e9ricains aux Ukrainiens avant tout am\u00e9nagement sur les questions territoriales contentieuses\u00a0\u00bb, a fait valoir l\u2019\u00c9lys\u00e9e.<\/p>\n<p class=\"asset asset-text\">\u00ab\u00a0Les attentes des Europ\u00e9ens \u00e0 l\u2019\u00e9gard des Am\u00e9ricains (..) \u00e7a peut ressembler \u00e0 ce qu\u2019on appelle un peu facilement une sorte d\u2019\u201carticle cinq\u201d (comme \u00e0 l\u2019Otan, NDLR), c\u2019est-\u00e0-dire une garantie am\u00e9ricaine pour ceux qui participent \u00e0 la coalition des volontaires\u00a0\u00bb, a soulign\u00e9 le conseiller d\u2019Emmanuel Macron.<\/p>\n<p>                     \u00ab\u00a0Socle commun\u00a0\u00bb    <\/p>\n<p class=\"asset asset-text\">La coalition des volontaires r\u00e9unit une trentaine de pays pr\u00eats \u00e0 aider l\u2019arm\u00e9e ukrainienne \u00e0 se renforcer et, pour certains d\u2019entre eux, \u00e0 participer \u00e0 une force de \u00ab\u00a0r\u00e9assurance\u00a0\u00bb en Ukraine, une fois un cessez-le-feu conclu, pour pr\u00e9venir toute nouvelle offensive russe.<\/p>\n<p class=\"asset asset-text\">Cette garantie am\u00e9ricaine devra apporter \u00ab\u00a0toute (la) clart\u00e9, toute (la) visibilit\u00e9 pour les Russes que s\u2019ils envisagent d\u2019agresser \u00e0 nouveau l\u2019Ukraine, ils devront faire face aux Europ\u00e9ens et aux Ukrainiens mais aux Am\u00e9ricains aussi\u00a0\u00bb, a martel\u00e9 le conseiller.<\/p>\n<p class=\"asset asset-text\">Les Am\u00e9ricains doivent se mettre d\u2019accord au pr\u00e9alable avec les Europ\u00e9ens et les Ukrainiens pour pr\u00e9senter ensemble des propositions de paix avant toute n\u00e9gociation avec la Russie, a encore insist\u00e9 la pr\u00e9sidence fran\u00e7aise.<\/p>\n<p class=\"asset asset-text\">\u00ab\u00a0Ce socle commun doit rassembler Ukrainiens, Am\u00e9ricains et Europ\u00e9ens. Il doit nous permettre, ensemble, de faire une offre de n\u00e9gociation, une offre de paix solide, durable, respectueuse du droit international et des int\u00e9r\u00eats souverains de l\u2019Ukraine\u00a0\u00bb, a-t-il point\u00e9.<\/p>\n<p class=\"asset asset-text\">\u00ab\u00a0Et il reviendra aux Am\u00e9ricains d\u2019exercer leur pouvoir, leur talent pour convaincre les Russes que cette option consolid\u00e9e, le socle commun euro-ukraino-am\u00e9ricain est bien celui sur lequel se construit la paix\u00a0\u00bb, a insist\u00e9 la pr\u00e9sidence fran\u00e7aise.<\/p>\n<p class=\"asset asset-text\">Dans ce contexte, Emmanuel Macron n\u2019a pas encore d\u00e9cid\u00e9 s\u2019il se rendrait \u00e0 la r\u00e9union des dirigeants europ\u00e9ens annonc\u00e9e lundi \u00e0 Berlin. \u00ab\u00a0Il pourra y avoir des r\u00e9unions la semaine prochaine en Europe et Berlin est une excellente option. Le pr\u00e9sident de la R\u00e9publique devra encore prendre une d\u00e9cision\u00a0\u00bb, a simplement dit l\u2019\u00c9lys\u00e9e.<\/p>\n","protected":false},"excerpt":{"rendered":"ADRIAN DENNIS \/ AFP Volodymyr Zelensky, Keir Starmer, Emmanuel Macron et Friedrich Merz, r\u00e9unis \u00e0 Londres, le 8\u00a0d\u00e9cembre&hellip;\n","protected":false},"author":2,"featured_media":595910,"comment_status":"","ping_status":"","sticky":false,"template":"","format":"standard","meta":{"footnotes":""},"categories":[1590],"tags":[11,1777,674,131,14,12,46751,132,220],"class_list":{"0":"post-595909","1":"post","2":"type-post","3":"status-publish","4":"format-standard","5":"has-post-thumbnail","7":"category-ukraine","8":"tag-actualites","9":"tag-eu","10":"tag-europe","11":"tag-guerre-en-ukraine","12":"tag-international","13":"tag-news","14":"tag-palais-de-l-elysee","15":"tag-russie","16":"tag-ukraine"},"share_on_mastodon":{"url":"https:\/\/pubeurope.com\/@fr\/115709506789009346","error":""},"_links":{"self":[{"href":"https:\/\/www.europesays.com\/fr\/wp-json\/wp\/v2\/posts\/595909","targetHints":{"allow":["GET"]}}],"collection":[{"href":"https:\/\/www.europesays.com\/fr\/wp-json\/wp\/v2\/posts"}],"about":[{"href":"https:\/\/www.europesays.com\/fr\/wp-json\/wp\/v2\/types\/post"}],"author":[{"embeddable":true,"href":"https:\/\/www.europesays.com\/fr\/wp-json\/wp\/v2\/users\/2"}],"replies":[{"embeddable":true,"href":"https:\/\/www.europesays.com\/fr\/wp-json\/wp\/v2\/comments?post=595909"}],"version-history":[{"count":0,"href":"https:\/\/www.europesays.com\/fr\/wp-json\/wp\/v2\/posts\/595909\/revisions"}],"wp:featuredmedia":[{"embeddable":true,"href":"https:\/\/www.europesays.com\/fr\/wp-json\/wp\/v2\/media\/595910"}],"wp:attachment":[{"href":"https:\/\/www.europesays.com\/fr\/wp-json\/wp\/v2\/media?parent=595909"}],"wp:term":[{"taxonomy":"category","embeddable":true,"href":"https:\/\/www.europesays.com\/fr\/wp-json\/wp\/v2\/categories?post=595909"},{"taxonomy":"post_tag","embeddable":true,"href":"https:\/\/www.europesays.com\/fr\/wp-json\/wp\/v2\/tags?post=595909"}],"curies":[{"name":"wp","href":"https:\/\/api.w.org\/{rel}","templated":true}]}}