{"id":595912,"date":"2025-12-13T00:49:18","date_gmt":"2025-12-13T00:49:18","guid":{"rendered":"https:\/\/www.europesays.com\/fr\/595912\/"},"modified":"2025-12-13T00:49:18","modified_gmt":"2025-12-13T00:49:18","slug":"le-message-intime-de-charles-iii-sur-son-cancer-et-lannonce-dune-bonne-nouvelle","status":"publish","type":"post","link":"https:\/\/www.europesays.com\/fr\/595912\/","title":{"rendered":"Le message intime de Charles III sur son cancer et l&rsquo;annonce d&rsquo;une bonne nouvelle"},"content":{"rendered":"<p style=\"text-align:justify;\">C&rsquo;est depuis l\u2019intimit\u00e9 du Morning Room\u00a0de Clarence House que le roi a choisi de prendre exceptionnellement la parole pour un sujet qui lui tient \u00e0 c\u0153ur\u00a0\u2013 et qu\u2019il vit dans son corps : l&rsquo;importance du d\u00e9pistage dans la lutte contre le cancer. Si le cadre est chaleureux, entre un joli bouquet de fleurs et un \u00e9clairage tamis\u00e9, <strong>le discours lui, est empreint de solennit\u00e9. Et particuli\u00e8rement personnel.<\/strong><\/p>\n<p style=\"text-align:justify;\">\u00c0 quelques jours de No\u00ebl, le monarque annonce une excellente nouvelle\u00a0: \u00ab\u00a0Gr\u00e2ce \u00e0 un diagnostic pr\u00e9coce, \u00e0 une intervention efficace et <a target=\"_blank\" href=\"https:\/\/www.pointdevue.fr\/royal\/royaume-uni\/charles-iii-brievement-hospitalise-la-mise-en-garde-de-camilla\" rel=\"nofollow noopener\">au respect des prescriptions m\u00e9dicales<\/a>,<strong> mon programme de traitement contre le cancer pourra \u00eatre all\u00e9g\u00e9 au cours de la nouvelle ann\u00e9e<\/strong>\u00ab\u00a0. La maladie du p\u00e8re de <a target=\"_blank\" href=\"https:\/\/www.pointdevue.fr\/grand-angle\/biographies\/prince-william\" rel=\"nofollow noopener\">William<\/a> et Harry avait \u00e9t\u00e9 d\u00e9couverte au d\u00e9tour d\u2019une op\u00e9ration de la prostate et annonc\u00e9e publiquement le 5 f\u00e9vrier 2024 par le palais de Buckingham. Pr\u00e8s de deux ans apr\u00e8s, <a target=\"_blank\" href=\"https:\/\/www.pointdevue.fr\/grand-angle\/biographies\/charles-iii\" rel=\"nofollow noopener\">Charles III<\/a> est la preuve vivante que, pris \u00e0 ses d\u00e9buts, le traitement contre le cancer <a target=\"_blank\" href=\"https:\/\/www.pointdevue.fr\/royal\/royaume-uni\/un-an-apres-lannonce-de-son-cancer-comment-va-le-roi-charles-iii\" rel=\"nofollow noopener\">peut offrir de bons r\u00e9sultats<\/a>.<\/p>\n<p>\u00ab\u00a0Je prie pour que chacun d&rsquo;entre nous s&rsquo;engage\u00a0\u00bb<\/p>\n<p style=\"text-align:justify;\">Mais encore faut-il inciter les Britanniques \u00e0 surveiller leur sant\u00e9 et \u00e0 se faire d\u00e9pister. C\u2019est <a target=\"_blank\" href=\"https:\/\/www.pointdevue.fr\/royal\/royaume-uni\/les-veritables-raisons-qui-ont-decide-charles-iii-a-reveler-son-cancer\" rel=\"nofollow noopener\">pour cet enjeu de sant\u00e9 publique<\/a> que Charles III s\u2019est livr\u00e9 \u00e0 cet exercice auquel il n\u2019est pas franchement habitu\u00e9. Mais pour convaincre, quel meilleur moyen que d\u2019\u00e9voquer son propre cas\u00a0?<\/p>\n<p><img decoding=\"async\" src=\"https:\/\/www.europesays.com\/fr\/wp-content\/uploads\/2025\/12\/GettyImages-2206072825zXC30YLR4d.jpg\" alt=\"Charles III lors visite le Centre de recherche sur le cancer de l'universit\u00e9 d'Ulster, le 20 mars 2025, \u00e0 Belfast. Les scientifiques lui expliquent comment les nouvelles technologies passent de la phase de recherche \u00e0 celle des applications pratiques.\"\/><strong>Charles III lors visite le Centre de recherche sur le cancer de l&rsquo;universit\u00e9 d&rsquo;Ulster, le 20 mars 2025, \u00e0 Belfast. Les scientifiques lui expliquent comment les nouvelles technologies passent de la phase de recherche \u00e0 celle des applications pratiques.<\/strong> \u00a9 \u00a0Anthony Harvey &#8211; Pool via Samir Hussein\/WireImage<\/p>\n<p style=\"text-align:justify;\">Fait exceptionnel, le roi, depuis toujours extr\u00eamement discret sur sa maladie, ose parler de lui. Durant les 5 minutes que dure son allocution, <strong>Charles III a recours plus de 20 fois \u00e0 la premi\u00e8re personne du singulier.<\/strong>\u00a0<\/p>\n<p style=\"text-align:justify;\">\u00ab\u00a0J\u2019ai \u00e9t\u00e9 profond\u00e9ment \u00e9mu par ce que je ne peux appeler autrement que la communaut\u00e9 de soins qui entoure chaque patient atteint de cancer\u00a0\u00bb. \u00ab\u00a0Je sais aussi \u00e0 quel point cela a fait la diff\u00e9rence dans mon propre cas\u00a0\u00bb. \u00ab\u00a0Je suis tr\u00e8s encourag\u00e9 par la mise en place du nouveau dispositif national de d\u00e9pistage en ligne\u00a0\u00bb. \u00ab\u00a0Je prie pour que chacun d&rsquo;entre nous s&rsquo;engage\u00a0\u00bb. Et d\u2019\u00e9voquer \u00e9galement \u00ab\u00a0ma propre exp\u00e9rience\u00a0\u00bb, \u00ab\u00a0<strong>mon propre parcours avec le cancer<\/strong>\u00ab\u00a0, \u00ab\u00a0mon propre programme de traitement\u00a0\u00bb, \u00ab\u00a0dans mon cas\u00a0\u00bb.<\/p>\n<p><img decoding=\"async\" src=\"https:\/\/www.europesays.com\/fr\/wp-content\/uploads\/2025\/12\/GettyImages-2151088292BGhectTyjh.jpg\" alt=\"La vid\u00e9o de cinq minutes diffuse des images de la visite du roi et de la reine au centre de canc\u00e9rologie Macmillan de l'University College Hospital le 30 avril 2024 \u00e0 Londres.\"\/><strong>La vid\u00e9o de cinq minutes diffuse des images de la visite du roi et de la reine au centre de canc\u00e9rologie Macmillan de l&rsquo;University College Hospital le 30 avril 2024 \u00e0 Londres.<\/strong> \u00a9 Chris Jackson\/Getty Images<\/p>\n<p style=\"text-align:justify;\">Une fa\u00e7on de se d\u00e9voiler qui tranche et qui \u00e9meut. <strong>Charles III est toujours rest\u00e9 extr\u00eamement discret sur les maux qu&rsquo;il lui faut affronter. <\/strong>Tr\u00e8s peu de d\u00e9tails ont filtr\u00e9 &#8211; on ne sait m\u00eame pas de quel type de cancer souffre le monarque, \u00e0 peine a-t-il \u00e9t\u00e9 r\u00e9v\u00e9l\u00e9 qu&rsquo;il ne s&rsquo;agissait pas d&rsquo;un cancer de la prostate. Le mari de <a target=\"_blank\" href=\"https:\/\/www.pointdevue.fr\/grand-angle\/biographies\/reine-camilla\" rel=\"nofollow noopener\">Camilla<\/a>, bourreau de travail, <a target=\"_blank\" href=\"https:\/\/www.pointdevue.fr\/royal\/royaume-uni\/charles-iii-arrete-son-traitement\" rel=\"nofollow noopener\">s\u2019est attach\u00e9 \u00e0 poursuivre ses engagements<\/a> le plus normalement possible, quitte \u00e0 inqui\u00e9ter (mais pas surprendre) son \u00e9pouse.<\/p>\n<p><img decoding=\"async\" src=\"https:\/\/www.europesays.com\/fr\/wp-content\/uploads\/2025\/12\/statementPyQ56ntt7F.jpg\" alt=\"Le lundi 5 f\u00e9vrier 2024, le palais de Buckingham annon\u00e7ait que Charles III, couronn\u00e9 neuf mois plus t\u00f4t, \u00e9tait atteint d\u2019un cancer.\"\/><strong>Le lundi 5 f\u00e9vrier 2024, le palais de Buckingham annon\u00e7ait que Charles III, couronn\u00e9 neuf mois plus t\u00f4t, \u00e9tait atteint d\u2019un cancer.<\/strong> \u00a9 Buckingham Palace<\/p>\n<p style=\"text-align:justify;\"><strong>Surtout, il n&rsquo;avait quasiment jamais \u00e9voqu\u00e9 son exp\u00e9rience personnelle,<\/strong> se contentant plut\u00f4t d&rsquo;exprimer son int\u00e9r\u00eat pour autrui, <a target=\"_blank\" href=\"https:\/\/www.pointdevue.fr\/royal\/royaume-uni\/charles-iii-ses-secrets-pour-rester-en-forme-face-au-cancer\" rel=\"nofollow noopener\">comme lors d\u2019une Garden party, le 14 mai 2025,<\/a> au cours de laquelle il a interrog\u00e9 une jeune invit\u00e9 de 22 ans sur sa radioth\u00e9rapie et ses traitements. \u00ab\u00a0Il faut faire attention \u00e0 votre r\u00e9gime alimentaire, \u00e0 ce que vous mangez\u00a0\u00bb, lui avait rappel\u00e9 le roi.\u00a0<\/p>\n<p style=\"text-align:justify;\">Le p\u00e8re de William et Harry avait aussi \u00e9voqu\u00e9, lors d\u2019une visite au palais de Buckingham de b\u00e9n\u00e9voles et de chercheurs,\u00a0<a target=\"_blank\" href=\"https:\/\/www.pointdevue.fr\/royal\/royaume-uni\/le-cancer-de-kate-une-epreuve-supplementaire-pour-le-prince-william\" rel=\"nofollow noopener\"> la difficult\u00e9 pour l\u2019entourage<\/a> d\u2019accompagner une personne atteinte du cancer. \u00ab\u00a0Chaque diagnostic, <strong>chaque nouveau cas, est une \u00e9preuve redoutable et parfois effrayante pour les personnes concern\u00e9es et leurs proches<\/strong>. <a target=\"_blank\" href=\"https:\/\/www.pointdevue.fr\/royal\/royaume-uni\/charles-iii-se-livre-comme-rarement-sur-son-cancer\" rel=\"nofollow noopener\">Faisant partie de ces statistiques moi-m\u00eame<\/a>, je peux t\u00e9moigner qu\u2019il s\u2019agit aussi d\u2019une exp\u00e9rience qui met cr\u00fbment en lumi\u00e8re le meilleur de l\u2019humanit\u00e9\u00a0\u00bb.<\/p>\n<p><img decoding=\"async\" src=\"https:\/\/www.europesays.com\/fr\/wp-content\/uploads\/2025\/12\/ABACA_960829_108L0kqqw1on7.jpg\" alt=\"Lors de la c\u00e9r\u00e9monie du 80e anniversaire de la victoire sur le Japon (VJ Day), le roi Charles III et la reine Camilla sont particuli\u00e8rement \u00e9mus face au discours d\u2019un v\u00e9t\u00e9ran, le capitaine Yavar Abbas, qui \u00e9voque le cancer de son &quot;courageux roi&quot;.\"\/><strong>Lors de la c\u00e9r\u00e9monie du 80e anniversaire de la victoire sur le Japon (VJ Day), le roi Charles III et la reine Camilla sont particuli\u00e8rement \u00e9mus face au discours d\u2019un v\u00e9t\u00e9ran, le capitaine Yavar Abbas, qui \u00e9voque le cancer de son \u00ab\u00a0courageux roi\u00a0\u00bb.<\/strong> \u00a9 Joe Giddens\/PA Wire<\/p>\n<p style=\"text-align:justify;\"><strong>\u00c0 77 ans, et alors qu\u2019il semble aller mieux, <\/strong>le souverain est donc sorti de sa l\u00e9gendaire pudeur pour faire en sorte que d\u2019autres de ses concitoyens puissent, eux aussi, comme lui, croire en des lendemains lib\u00e9r\u00e9s de la maladie.\u00a0<\/p>\n<p style=\"text-align:justify;\">\u201cCe t\u00e9moignage, je l&rsquo;esp\u00e8re, pourra encourager les 50 % d&rsquo;entre nous qui seront diagnostiqu\u00e9s avec cette maladie \u00e0 un moment donn\u00e9 de leur vie\u00a0\u00bb. Pour No\u00ebl, Charles fait donc le plus beau des cadeaux aux malades et \u00e0 leur entourage\u00a0: <strong>un peu de lui et une histoire qui donne de l&rsquo;espoir.\u00a0<\/strong><\/p>\n<p><strong>Lire aussi &gt;&gt; <\/strong><a target=\"_blank\" href=\"https:\/\/www.pointdevue.fr\/royal\/royaume-uni\/kate-reapparait-pour-evoquer-son-combat-contre-le-cancer\" rel=\"nofollow noopener\">Kate r\u00e9appara\u00eet pour \u00e9voquer son combat contre le cancer<\/a><\/p>\n","protected":false},"excerpt":{"rendered":"C&rsquo;est depuis l\u2019intimit\u00e9 du Morning Room\u00a0de Clarence House que le roi a choisi de prendre exceptionnellement la parole&hellip;\n","protected":false},"author":2,"featured_media":595913,"comment_status":"","ping_status":"","sticky":false,"template":"","format":"standard","meta":{"footnotes":""},"categories":[1588],"tags":[11,1777,674,12,473,1853,1851,1850,1852],"class_list":{"0":"post-595912","1":"post","2":"type-post","3":"status-publish","4":"format-standard","5":"has-post-thumbnail","7":"category-royaume-uni","8":"tag-actualites","9":"tag-eu","10":"tag-europe","11":"tag-news","12":"tag-royaume-uni","13":"tag-royaume-uni-de-grande-bretagne-et-dirlande-du-nord","14":"tag-uk","15":"tag-united-kingdom","16":"tag-united-kingdom-of-great-britain-and-northern-ireland"},"share_on_mastodon":{"url":"https:\/\/pubeurope.com\/@fr\/115709514947871582","error":""},"_links":{"self":[{"href":"https:\/\/www.europesays.com\/fr\/wp-json\/wp\/v2\/posts\/595912","targetHints":{"allow":["GET"]}}],"collection":[{"href":"https:\/\/www.europesays.com\/fr\/wp-json\/wp\/v2\/posts"}],"about":[{"href":"https:\/\/www.europesays.com\/fr\/wp-json\/wp\/v2\/types\/post"}],"author":[{"embeddable":true,"href":"https:\/\/www.europesays.com\/fr\/wp-json\/wp\/v2\/users\/2"}],"replies":[{"embeddable":true,"href":"https:\/\/www.europesays.com\/fr\/wp-json\/wp\/v2\/comments?post=595912"}],"version-history":[{"count":0,"href":"https:\/\/www.europesays.com\/fr\/wp-json\/wp\/v2\/posts\/595912\/revisions"}],"wp:featuredmedia":[{"embeddable":true,"href":"https:\/\/www.europesays.com\/fr\/wp-json\/wp\/v2\/media\/595913"}],"wp:attachment":[{"href":"https:\/\/www.europesays.com\/fr\/wp-json\/wp\/v2\/media?parent=595912"}],"wp:term":[{"taxonomy":"category","embeddable":true,"href":"https:\/\/www.europesays.com\/fr\/wp-json\/wp\/v2\/categories?post=595912"},{"taxonomy":"post_tag","embeddable":true,"href":"https:\/\/www.europesays.com\/fr\/wp-json\/wp\/v2\/tags?post=595912"}],"curies":[{"name":"wp","href":"https:\/\/api.w.org\/{rel}","templated":true}]}}