{"id":595918,"date":"2025-12-13T00:52:12","date_gmt":"2025-12-13T00:52:12","guid":{"rendered":"https:\/\/www.europesays.com\/fr\/595918\/"},"modified":"2025-12-13T00:52:12","modified_gmt":"2025-12-13T00:52:12","slug":"est-ce-quon-reste-dans-lunion-europeenne-ou-est-ce-que-lon-sen-va-declare-nicolas-dupont-aignan-president-de-debout-la-france","status":"publish","type":"post","link":"https:\/\/www.europesays.com\/fr\/595918\/","title":{"rendered":"est-ce qu&rsquo;on reste dans l&rsquo;Union europ\u00e9enne ou est-ce que l&rsquo;on s&rsquo;en va?\u00a0\u00bb, d\u00e9clare Nicolas Dupont-Aignan, pr\u00e9sident de \u00ab\u00a0Debout la France\u00a0\u00bb"},"content":{"rendered":"<p>Pr\u00e9sidentielle 2027: \u00ab\u00a0Le grand d\u00e9bat pour moi de la prochaine pr\u00e9sidentielle c&rsquo;est: est-ce qu&rsquo;on reste dans l&rsquo;Union europ\u00e9enne ou est-ce que l&rsquo;on s&rsquo;en va?\u00a0\u00bb, d\u00e9clare Nicolas Dupont-Aignan, pr\u00e9sident de \u00ab\u00a0Debout la France\u00a0\u00bbSur le m\u00eame sujet<a href=\"https:\/\/www.bfmtv.com\/sante\/video-abattages-de-troupeaux-lors-de-cas-de-dermatose-bovine-la-colere-et-l-incomprehension-des-eleveurs_VN-202512120925.html\" title=\"Abattages de troupeaux lors de cas de dermatose bovine: la col\u00e8re et l&#039;incompr\u00e9hension des \u00e9leveurs\" target=\"_blank\" rel=\"noopener\"><img width=\"16\" height=\"9\" class=\"lozad\"  alt=\"Abattages de troupeaux lors de cas de dermatose bovine: la col\u00e8re et l'incompr\u00e9hension des \u00e9leveurs\"\/>4:12Abattages de troupeaux lors de cas de dermatose bovine: la col\u00e8re et l&rsquo;incompr\u00e9hension des \u00e9leveurs<\/a><a href=\"https:\/\/www.bfmtv.com\/sante\/video-dermatose-bovine-la-france-peut-revenir-a-une-politique-d-abattage-selective-uniquement-pour-les-animaux-gravement-malades-dit-veronique-le-floch-ancienne-presidente-de-la-coordination-rurale_VN-202512120921.html\" title=\"Dermatose bovine: &quot;La France peut revenir \u00e0 une politique d&#039;abattage s\u00e9lective uniquement pour les animaux gravement malades&quot;, dit V\u00e9ronique Le Floch, ancienne Pr\u00e9sidente de la Coordination Rurale\" target=\"_blank\" rel=\"noopener\"><img width=\"16\" height=\"9\" class=\"lozad\"  alt=\"Dermatose bovine: &quot;La France peut revenir \u00e0 une politique d'abattage s\u00e9lective uniquement pour les animaux gravement malades&quot;, dit V\u00e9ronique Le Floch, ancienne Pr\u00e9sidente de la Coordination Rurale\"\/>1:27Dermatose bovine: \u00ab\u00a0La France peut revenir \u00e0 une politique d&rsquo;abattage s\u00e9lective uniquement pour les animaux gravement malades\u00a0\u00bb, dit V\u00e9ronique Le Floch, ancienne Pr\u00e9sidente de la Coordination Rurale<\/a><a href=\"https:\/\/www.bfmtv.com\/replay-emissions\/bfm-grand-soir\/video-bardella-je-serai-toujours-loyal-a-marine-le-pen-12-12_VN-202512120916.html\" title=\"Bardella : &quot;Je serai toujours loyal \u00e0 Marine Le Pen&quot; \u2013 12\/12\" target=\"_blank\" rel=\"noopener\"><img width=\"16\" height=\"9\" class=\"lozad\"  alt=\"Bardella : &quot;Je serai toujours loyal \u00e0 Marine Le Pen&quot; \u2013 12\/12\"\/>19:47Bardella : \u00ab\u00a0Je serai toujours loyal \u00e0 Marine Le Pen\u00a0\u00bb \u2013 12\/12<\/a><a href=\"https:\/\/www.bfmtv.com\/politique\/video-presidentielle-2027-le-grand-debat-pour-moi-de-la-prochaine-presidentielle-c-est-est-ce-qu-on-reste-dans-l-union-europeenne-ou-est-ce-que-l-on-s-en-va-declare-nicolas-dupont-aignan-president-de-debout-la-france_VN-202512120913.html\" title=\"Pr\u00e9sidentielle 2027: &quot;Le grand d\u00e9bat pour moi de la prochaine pr\u00e9sidentielle c&#039;est: est-ce qu&#039;on reste dans l&#039;Union europ\u00e9enne ou est-ce que l&#039;on s&#039;en va?&quot;, d\u00e9clare Nicolas Dupont-Aignan, pr\u00e9sident de &quot;Debout la France&quot;\" target=\"_blank\" rel=\"noopener\"><img width=\"16\" height=\"9\" class=\"lozad\"  alt=\"Pr\u00e9sidentielle 2027: &quot;Le grand d\u00e9bat pour moi de la prochaine pr\u00e9sidentielle c'est: est-ce qu'on reste dans l'Union europ\u00e9enne ou est-ce que l'on s'en va?&quot;, d\u00e9clare Nicolas Dupont-Aignan, pr\u00e9sident de &quot;Debout la France&quot;\"\/>en lecturePr\u00e9sidentielle 2027: \u00ab\u00a0Le grand d\u00e9bat pour moi de la prochaine pr\u00e9sidentielle c&rsquo;est: est-ce qu&rsquo;on reste dans l&rsquo;Union europ\u00e9enne ou est-ce que l&rsquo;on s&rsquo;en va?\u00a0\u00bb, d\u00e9clare Nicolas Dupont-Aignan, pr\u00e9sident de \u00ab\u00a0Debout la France\u00a0\u00bb<\/a><a href=\"https:\/\/www.bfmtv.com\/replay-emissions\/bfm-grand-soir\/video-campagne-des-municipales-2026-le-virage-numerique-12-12_VN-202512120910.html\" title=\"Campagne des municipales 2026 : le virage num\u00e9rique - 12\/12\" target=\"_blank\" rel=\"noopener\"><img width=\"16\" height=\"9\" class=\"lozad\"  alt=\"Campagne des municipales 2026 : le virage num\u00e9rique - 12\/12\"\/>10:42Campagne des municipales 2026 : le virage num\u00e9rique &#8211; 12\/12<\/a><a href=\"https:\/\/www.bfmtv.com\/sante\/video-abattage-de-troupeaux-lors-de-cas-de-dermatose-il-y-a-sans-doute-des-administrations-centrales-qui-appliquent-des-reglementations-sans-tenir-compte-de-la-detresse-des-eleveurs-declare-pascal-lavergne-ancien-depute_VN-202512120898.html\" title=\"Abattage de troupeaux lors de cas de dermatose: &quot;Il y a sans doute des administrations centrales qui appliquent des r\u00e9glementations sans tenir compte de la d\u00e9tresse&quot; des \u00e9leveurs, d\u00e9clare Pascal Lavergne, ancien d\u00e9put\u00e9\" target=\"_blank\" rel=\"noopener\"><img width=\"16\" height=\"9\" class=\"lozad\"  alt=\"Abattage de troupeaux lors de cas de dermatose: &quot;Il y a sans doute des administrations centrales qui appliquent des r\u00e9glementations sans tenir compte de la d\u00e9tresse&quot; des \u00e9leveurs, d\u00e9clare Pascal Lavergne, ancien d\u00e9put\u00e9\"\/>1:15Abattage de troupeaux lors de cas de dermatose: \u00ab\u00a0Il y a sans doute des administrations centrales qui appliquent des r\u00e9glementations sans tenir compte de la d\u00e9tresse\u00a0\u00bb des \u00e9leveurs, d\u00e9clare Pascal Lavergne, ancien d\u00e9put\u00e9<\/a><a href=\"https:\/\/www.bfmtv.com\/sante\/video-dermatose-bovine-chez-nous-en-haute-garonne-34-animaux-vont-etre-euthanasies-demain-declare-jerome-bayle-eleveur-de-bovins_VN-202512120893.html\" title=\"Dermatose bovine: &quot;Chez nous en Haute-Garonne, 34 animaux vont \u00eatre euthanasi\u00e9s demain&quot;, d\u00e9clare J\u00e9r\u00f4me Bayle, \u00e9leveur de bovins\" target=\"_blank\" rel=\"noopener\"><img width=\"16\" height=\"9\" class=\"lozad\"  alt=\"Dermatose bovine: &quot;Chez nous en Haute-Garonne, 34 animaux vont \u00eatre euthanasi\u00e9s demain&quot;, d\u00e9clare J\u00e9r\u00f4me Bayle, \u00e9leveur de bovins\"\/>0:44Dermatose bovine: \u00ab\u00a0Chez nous en Haute-Garonne, 34 animaux vont \u00eatre euthanasi\u00e9s demain\u00a0\u00bb, d\u00e9clare J\u00e9r\u00f4me Bayle, \u00e9leveur de bovins<\/a><a href=\"https:\/\/www.bfmtv.com\/politique\/video-je-ne-lui-pardonnerai-jamais-la-dissolution-car-je-pense-qu-elle-a-mis-la-france-dans-l-etat-terrifiant-qui-est-le-notre-declare-alain-minc-a-propos-d-emmanuel-macron_VN-202512120872.html\" title=\"&quot;Je ne lui pardonnerai jamais la dissolution car je pense qu&#039;elle a mis la France dans l&#039;\u00e9tat terrifiant qui est le n\u00f4tre&quot;, d\u00e9clare Alain Minc, \u00e0 propos d&#039;Emmanuel Macron\" target=\"_blank\" rel=\"noopener\"><img width=\"16\" height=\"9\" class=\"lozad\"  alt=\"&quot;Je ne lui pardonnerai jamais la dissolution car je pense qu'elle a mis la France dans l'\u00e9tat terrifiant qui est le n\u00f4tre&quot;, d\u00e9clare Alain Minc, \u00e0 propos d'Emmanuel Macron\"\/>0:32&Prime;Je ne lui pardonnerai jamais la dissolution car je pense qu&rsquo;elle a mis la France dans l&rsquo;\u00e9tat terrifiant qui est le n\u00f4tre\u00a0\u00bb, d\u00e9clare Alain Minc, \u00e0 propos d&rsquo;Emmanuel Macron<\/a><a href=\"https:\/\/www.bfmtv.com\/politique\/video-si-le-rn-gagne-la-presidentielle-il-emportera-dans-la-foulee-la-legislative-et-il-aura-tous-les-pouvoirs-pense-alain-minc-essayiste_VN-202512120867.html\" title=\"&quot;Si le RN gagne la pr\u00e9sidentielle, il emportera dans la foul\u00e9e la l\u00e9gislative et il aura tous les pouvoirs&quot;, pense Alain Minc, essayiste\" target=\"_blank\" rel=\"noopener\"><img width=\"16\" height=\"9\" class=\"lozad\"  alt=\"&quot;Si le RN gagne la pr\u00e9sidentielle, il emportera dans la foul\u00e9e la l\u00e9gislative et il aura tous les pouvoirs&quot;, pense Alain Minc, essayiste\"\/>0:50&Prime;Si le RN gagne la pr\u00e9sidentielle, il emportera dans la foul\u00e9e la l\u00e9gislative et il aura tous les pouvoirs\u00a0\u00bb, pense Alain Minc, essayiste<\/a><a href=\"https:\/\/www.bfmtv.com\/politique\/video-je-pense-qu-il-y-a-dans-la-france-de-droite-un-attachement-visceral-a-nicolas-sarkozy-souligne-l-essayiste-alain-minc_VN-202512120864.html\" title=\"&quot;Je pense qu&#039;il y a dans la France de droite un attachement visc\u00e9ral \u00e0 Nicolas Sarkozy&quot;, souligne l&#039;essayiste Alain Minc\" target=\"_blank\" rel=\"noopener\"><img width=\"16\" height=\"9\" class=\"lozad\"  alt=\"&quot;Je pense qu'il y a dans la France de droite un attachement visc\u00e9ral \u00e0 Nicolas Sarkozy&quot;, souligne l'essayiste Alain Minc\"\/>1:30&Prime;Je pense qu&rsquo;il y a dans la France de droite un attachement visc\u00e9ral \u00e0 Nicolas Sarkozy\u00a0\u00bb, souligne l&rsquo;essayiste Alain Minc<\/a><a href=\"https:\/\/www.bfmtv.com\/politique\/video-commission-d-enquete-tiktok-arthur-delaporte-revient-sur-l-incident-avec-alex-hitchens_VN-202512120863.html\" title=\"Commission d&#039;enqu\u00eate Tiktok: Arthur Delaporte revient sur l&#039;incident avec Alex Hitchens \" target=\"_blank\" rel=\"noopener\"><img width=\"16\" height=\"9\" class=\"lozad\"  alt=\"Commission d'enqu\u00eate Tiktok: Arthur Delaporte revient sur l'incident avec Alex Hitchens \"\/>1:07Commission d&rsquo;enqu\u00eate Tiktok: Arthur Delaporte revient sur l&rsquo;incident avec Alex Hitchens<\/a><a href=\"https:\/\/www.bfmtv.com\/politique\/video-les-secrets-de-tiktok-devoiles-par-le-depute-arthur-delaporte_VN-202512120862.html\" title=\"Les secrets de Tiktok d\u00e9voil\u00e9s par le d\u00e9put\u00e9 Arthur Delaporte \" target=\"_blank\" rel=\"noopener\"><img width=\"16\" height=\"9\" class=\"lozad\"  alt=\"Les secrets de Tiktok d\u00e9voil\u00e9s par le d\u00e9put\u00e9 Arthur Delaporte \"\/>1:06:13Les secrets de Tiktok d\u00e9voil\u00e9s par le d\u00e9put\u00e9 Arthur Delaporte<\/a><a href=\"https:\/\/www.bfmtv.com\/sante\/video-colere-des-agriculteurs-dermatose-bovine-l-interview-en-integralite-d-arnaud-rousseau-fnsea_VN-202512120851.html\" title=\"Col\u00e8re des agriculteurs, dermatose bovine... L&#039;interview en int\u00e9gralit\u00e9 d&#039;Arnaud Rousseau (FNSEA)\" target=\"_blank\" rel=\"noopener\"><img width=\"16\" height=\"9\" class=\"lozad\"  alt=\"Col\u00e8re des agriculteurs, dermatose bovine... L'interview en int\u00e9gralit\u00e9 d'Arnaud Rousseau (FNSEA)\"\/>16:43Col\u00e8re des agriculteurs, dermatose bovine&#8230; L&rsquo;interview en int\u00e9gralit\u00e9 d&rsquo;Arnaud Rousseau (FNSEA)<\/a><a href=\"https:\/\/www.bfmtv.com\/sante\/video-dermatose-nodulaire-contagieuse-comment-se-transmet-la-maladie-et-quelles-sont-les-sequelles-pour-les-animaux_VN-202512120844.html\" title=\"Dermatose nodulaire contagieuse: comment se transmet la maladie et quelles sont les s\u00e9quelles pour les animaux?\" target=\"_blank\" rel=\"noopener\"><img width=\"16\" height=\"9\" class=\"lozad\"  alt=\"Dermatose nodulaire contagieuse: comment se transmet la maladie et quelles sont les s\u00e9quelles pour les animaux?\"\/>2:48Dermatose nodulaire contagieuse: comment se transmet la maladie et quelles sont les s\u00e9quelles pour les animaux?<\/a><a class=\"jumpToVideo\" target=\"_blank\"><img class=\"thumbnailPreview\"\/><\/a><\/p>\n","protected":false},"excerpt":{"rendered":"Pr\u00e9sidentielle 2027: \u00ab\u00a0Le grand d\u00e9bat pour moi de la prochaine pr\u00e9sidentielle c&rsquo;est: est-ce qu&rsquo;on reste dans l&rsquo;Union europ\u00e9enne&hellip;\n","protected":false},"author":2,"featured_media":595919,"comment_status":"","ping_status":"","sticky":false,"template":"","format":"standard","meta":{"footnotes":""},"categories":[1586],"tags":[11,1777,674,1779,1011,27,12,25,1778,364],"class_list":{"0":"post-595918","1":"post","2":"type-post","3":"status-publish","4":"format-standard","5":"has-post-thumbnail","7":"category-europe","8":"tag-actualites","9":"tag-eu","10":"tag-europe","11":"tag-european-union","12":"tag-fr","13":"tag-france","14":"tag-news","15":"tag-republique-francaise","16":"tag-ue","17":"tag-union-europeenne"},"share_on_mastodon":{"url":"https:\/\/pubeurope.com\/@fr\/115709525759173576","error":""},"_links":{"self":[{"href":"https:\/\/www.europesays.com\/fr\/wp-json\/wp\/v2\/posts\/595918","targetHints":{"allow":["GET"]}}],"collection":[{"href":"https:\/\/www.europesays.com\/fr\/wp-json\/wp\/v2\/posts"}],"about":[{"href":"https:\/\/www.europesays.com\/fr\/wp-json\/wp\/v2\/types\/post"}],"author":[{"embeddable":true,"href":"https:\/\/www.europesays.com\/fr\/wp-json\/wp\/v2\/users\/2"}],"replies":[{"embeddable":true,"href":"https:\/\/www.europesays.com\/fr\/wp-json\/wp\/v2\/comments?post=595918"}],"version-history":[{"count":0,"href":"https:\/\/www.europesays.com\/fr\/wp-json\/wp\/v2\/posts\/595918\/revisions"}],"wp:featuredmedia":[{"embeddable":true,"href":"https:\/\/www.europesays.com\/fr\/wp-json\/wp\/v2\/media\/595919"}],"wp:attachment":[{"href":"https:\/\/www.europesays.com\/fr\/wp-json\/wp\/v2\/media?parent=595918"}],"wp:term":[{"taxonomy":"category","embeddable":true,"href":"https:\/\/www.europesays.com\/fr\/wp-json\/wp\/v2\/categories?post=595918"},{"taxonomy":"post_tag","embeddable":true,"href":"https:\/\/www.europesays.com\/fr\/wp-json\/wp\/v2\/tags?post=595918"}],"curies":[{"name":"wp","href":"https:\/\/api.w.org\/{rel}","templated":true}]}}