{"id":595923,"date":"2025-12-13T00:55:16","date_gmt":"2025-12-13T00:55:16","guid":{"rendered":"https:\/\/www.europesays.com\/fr\/595923\/"},"modified":"2025-12-13T00:55:16","modified_gmt":"2025-12-13T00:55:16","slug":"dermatose-nodulaire-blocage-daxes-routiers-le-gouvernement-maintient-sa-strategie-dabattage","status":"publish","type":"post","link":"https:\/\/www.europesays.com\/fr\/595923\/","title":{"rendered":"Dermatose nodulaire : blocage d&rsquo;axes routiers, le gouvernement maintient sa strat\u00e9gie d&rsquo;abattage"},"content":{"rendered":"<p>\u00ab\u00a0\u00c7a fait deux ans qu&rsquo;on a commenc\u00e9 \u00e0 manifester. Deux ans apr\u00e8s, rien ne bouge, rien ne change. Ici, 10% des agriculteurs vont d\u00e9poser le bilan, soit 500 exploitations, et 75% sont dans une situation financi\u00e8re tr\u00e8s difficile\u00a0\u00bb, a d\u00e9clar\u00e9 le pr\u00e9sident de la CR47, Jos\u00e9 P\u00e9rez, accusant le pr\u00e9fet de \u00ab\u00a0fuir ses responsabilit\u00e9s\u00a0\u00bb et le gouvernement de \u00ab\u00a0m\u00e9priser\u00a0\u00bb les agriculteurs.<\/p>\n<p>\u00ab\u00a0Il va falloir monter \u00e0 Paris rapidement. \u00c0 un moment donn\u00e9, il faut qu&rsquo;on se fasse voir, qu&rsquo;on se fasse entendre (&#8230;) On est en train de voir au niveau national comment on s&rsquo;organise\u00a0\u00bb, a-t-il lanc\u00e9 \u00e0 ses troupes, en ciblant d&rsquo;ores et d\u00e9j\u00e0 \u00ab\u00a0les organismes qui ne nous servent \u00e0 rien et nous font chier tous les jours\u00a0\u00bb. \u00ab\u00a0Et apr\u00e8s, par principe, il faudra aller faire un tour \u00e0 Matignon\u00a0\u00bb, a-t-il ajout\u00e9, pr\u00e9cisant : \u00ab\u00a0On ne partira pas en tracteur parce qu&rsquo;on est trop visible, il faudra partir en voiture\u00a0\u00bb.<\/p>\n","protected":false},"excerpt":{"rendered":"\u00ab\u00a0\u00c7a fait deux ans qu&rsquo;on a commenc\u00e9 \u00e0 manifester. Deux ans apr\u00e8s, rien ne bouge, rien ne change.&hellip;\n","protected":false},"author":2,"featured_media":595924,"comment_status":"","ping_status":"","sticky":false,"template":"","format":"standard","meta":{"footnotes":""},"categories":[4],"tags":[1111,11,327,1921,70860,1011,27,1922,2954,12,25,133,2953],"class_list":{"0":"post-595923","1":"post","2":"type-post","3":"status-publish","4":"format-standard","5":"has-post-thumbnail","7":"category-france","8":"tag-actu","9":"tag-actualites","10":"tag-agriculture","11":"tag-article-video","12":"tag-dermatose-nodulaire-les-agriculteurs-mobilises","13":"tag-fr","14":"tag-france","15":"tag-info","16":"tag-justice-et-faits-divers","17":"tag-news","18":"tag-republique-francaise","19":"tag-video","20":"tag-video-police"},"share_on_mastodon":{"url":"https:\/\/pubeurope.com\/@fr\/115709537454456575","error":""},"_links":{"self":[{"href":"https:\/\/www.europesays.com\/fr\/wp-json\/wp\/v2\/posts\/595923","targetHints":{"allow":["GET"]}}],"collection":[{"href":"https:\/\/www.europesays.com\/fr\/wp-json\/wp\/v2\/posts"}],"about":[{"href":"https:\/\/www.europesays.com\/fr\/wp-json\/wp\/v2\/types\/post"}],"author":[{"embeddable":true,"href":"https:\/\/www.europesays.com\/fr\/wp-json\/wp\/v2\/users\/2"}],"replies":[{"embeddable":true,"href":"https:\/\/www.europesays.com\/fr\/wp-json\/wp\/v2\/comments?post=595923"}],"version-history":[{"count":0,"href":"https:\/\/www.europesays.com\/fr\/wp-json\/wp\/v2\/posts\/595923\/revisions"}],"wp:featuredmedia":[{"embeddable":true,"href":"https:\/\/www.europesays.com\/fr\/wp-json\/wp\/v2\/media\/595924"}],"wp:attachment":[{"href":"https:\/\/www.europesays.com\/fr\/wp-json\/wp\/v2\/media?parent=595923"}],"wp:term":[{"taxonomy":"category","embeddable":true,"href":"https:\/\/www.europesays.com\/fr\/wp-json\/wp\/v2\/categories?post=595923"},{"taxonomy":"post_tag","embeddable":true,"href":"https:\/\/www.europesays.com\/fr\/wp-json\/wp\/v2\/tags?post=595923"}],"curies":[{"name":"wp","href":"https:\/\/api.w.org\/{rel}","templated":true}]}}