{"id":595926,"date":"2025-12-13T00:58:11","date_gmt":"2025-12-13T00:58:11","guid":{"rendered":"https:\/\/www.europesays.com\/fr\/595926\/"},"modified":"2025-12-13T00:58:11","modified_gmt":"2025-12-13T00:58:11","slug":"faf-de-klerk-cherche-un-club-en-europe","status":"publish","type":"post","link":"https:\/\/www.europesays.com\/fr\/595926\/","title":{"rendered":"Faf De Klerk cherche un club en Europe !"},"content":{"rendered":"<p>Le demi-de-m\u00eal\u00e9e international Sud-Africain, Faf De Klerk verra son contrat avec l\u2019\u00e9quipe Japonaise des Yokohama Canon Eagles arriver \u00e0 terme \u00e0 la fin de la saison.<\/p>\n<p>Pour l\u2019heure, le joueur de 34 ans ne sait pas de quoi sera fait son avenir.<\/p>\n<p>Un temps annonc\u00e9 en contact avec le Rugby Club Toulonnais, le tenace joueur Sud-Africain n\u2019effectuera finalement pas son arriv\u00e9e sur les bords de la Rade.<\/p>\n<p>Les derni\u00e8res rumeurs \u00e9voquent un probable retour de Faf De Klerk en Premiership.<\/p>\n<p>Deux \u00e9quipes Anglaises seraient int\u00e9ress\u00e9s par le joueur des Springboks, \u00e0 savoir les Sharks et Newcastle.<\/p>\n<p>Ces deux \u00e9quipes sont actuellement \u00e0 la recherche d\u2019un demi-de-m\u00eal\u00e9e pour les saisons \u00e0 venir.<\/p>\n<p><strong>Affaire \u00e0 suivre\u2026<\/strong><\/p>\n","protected":false},"excerpt":{"rendered":"Le demi-de-m\u00eal\u00e9e international Sud-Africain, Faf De Klerk verra son contrat avec l\u2019\u00e9quipe Japonaise des Yokohama Canon Eagles arriver&hellip;\n","protected":false},"author":2,"featured_media":595927,"comment_status":"","ping_status":"","sticky":false,"template":"","format":"standard","meta":{"footnotes":""},"categories":[1416],"tags":[1011,27,479,1468,60],"class_list":{"0":"post-595926","1":"post","2":"type-post","3":"status-publish","4":"format-standard","5":"has-post-thumbnail","7":"category-rugby","8":"tag-fr","9":"tag-france","10":"tag-rugby","11":"tag-rugby-football","12":"tag-sports"},"share_on_mastodon":{"url":"https:\/\/pubeurope.com\/@fr\/115709549229977748","error":""},"_links":{"self":[{"href":"https:\/\/www.europesays.com\/fr\/wp-json\/wp\/v2\/posts\/595926","targetHints":{"allow":["GET"]}}],"collection":[{"href":"https:\/\/www.europesays.com\/fr\/wp-json\/wp\/v2\/posts"}],"about":[{"href":"https:\/\/www.europesays.com\/fr\/wp-json\/wp\/v2\/types\/post"}],"author":[{"embeddable":true,"href":"https:\/\/www.europesays.com\/fr\/wp-json\/wp\/v2\/users\/2"}],"replies":[{"embeddable":true,"href":"https:\/\/www.europesays.com\/fr\/wp-json\/wp\/v2\/comments?post=595926"}],"version-history":[{"count":0,"href":"https:\/\/www.europesays.com\/fr\/wp-json\/wp\/v2\/posts\/595926\/revisions"}],"wp:featuredmedia":[{"embeddable":true,"href":"https:\/\/www.europesays.com\/fr\/wp-json\/wp\/v2\/media\/595927"}],"wp:attachment":[{"href":"https:\/\/www.europesays.com\/fr\/wp-json\/wp\/v2\/media?parent=595926"}],"wp:term":[{"taxonomy":"category","embeddable":true,"href":"https:\/\/www.europesays.com\/fr\/wp-json\/wp\/v2\/categories?post=595926"},{"taxonomy":"post_tag","embeddable":true,"href":"https:\/\/www.europesays.com\/fr\/wp-json\/wp\/v2\/tags?post=595926"}],"curies":[{"name":"wp","href":"https:\/\/api.w.org\/{rel}","templated":true}]}}