{"id":595930,"date":"2025-12-13T01:03:16","date_gmt":"2025-12-13T01:03:16","guid":{"rendered":"https:\/\/www.europesays.com\/fr\/595930\/"},"modified":"2025-12-13T01:03:16","modified_gmt":"2025-12-13T01:03:16","slug":"thibau-nys-devrait-participer-au-giro-en-2026-aux-cotes-de-ciccone-et-milan","status":"publish","type":"post","link":"https:\/\/www.europesays.com\/fr\/595930\/","title":{"rendered":"Thibau Nys devrait participer au Giro en 2026, aux c\u00f4t\u00e9s de Ciccone et Milan"},"content":{"rendered":"<p class=\"ap-StoryElement ap-StoryElement--mb ap-StoryText\">Et en 2026 ? Mads Pedersen, qui fera son retour sur la Grande Boucle, et Juan Ayuso, le nouveau transfert arriv\u00e9 d&rsquo;UAE Emirates, seront les leaders de l&rsquo;\u00e9quipe sur le Tour de France.<\/p>\n<p class=\"ap-StoryElement ap-StoryElement--mb ap-StoryText\">La formation allemande enverra \u00e9galement une armada impressionnante sur le Tour d&rsquo;Italie. Thibau Nys, Jonathan Milan et Giulio Ciccone sont attendus sur les routes transalpines. Avec des objectifs sur tous les terrains.<\/p>\n<p class=\"ap-StoryElement ap-StoryElement--mb ap-StoryText\">Pour Nys, actuellement en pleine saison de cyclocross, il s&rsquo;agira d&rsquo;une d\u00e9couverte. L&rsquo;an dernier, il avait particip\u00e9 pour la premi\u00e8re au Tour de France,<a href=\"https:\/\/www.dhnet.be\/sports\/cyclisme\/tour-de-france\/2025\/07\/28\/du-sans-faute-de-wellens-a-la-deception-evenepoel-voici-les-notes-des-belges-qui-ont-participe-au-tour-de-france-2025-76SH6E2RVZEBDCVUTEFG3FKPDE\/\" target=\"_self\" rel=\"noopener\"> sans parvenir \u00e0 briller \u00e0 suite, notamment, \u00e0 une chute sur la premi\u00e8re \u00e9tape<\/a>. \u00ab\u00a0Mais cette fois, il sera compliqu\u00e9 de l&rsquo;avoir dans l&rsquo;\u00e9quipe sur le Tour vu les pr\u00e9sences de Pedersen et Ayuso\u00a0\u00bb, a pr\u00e9cis\u00e9 Steven De Jongh, le directeur sportif.<\/p>\n<p class=\"ap-StoryElement ap-StoryElement--mb ap-StoryText\">Le reste du programme de Nys se composera du GP Indurain (4 avril), de l&rsquo;Amstel Gold Race (20 avril), de la Fl\u00e8che wallonne (23 avril), de Li\u00e8ge-Bastogne-Li\u00e8ge (27 avril). En fonction du parcours, une participation \u00e0 la Vuelta en fin de saison n&rsquo;est pas \u00e0 exclure non plus.<\/p>\n<p><a href=\"https:\/\/www.dhnet.be\/sports\/cyclisme\/2025\/12\/12\/les-bulletins-de-noel-de-nos-consultants-axel-merckx-et-johan-museeuw-12-sans-van-der-poel-pogacar-aurait-deja-gagne-tous-les-monuments-KWXK4IFNZVDC5OTOYZXAWVIUZQ\/\" target=\"_self\" class=\"ap-StoryInterstitialLink ap-StoryElement ap-StoryElement--mb\" rel=\"noopener\">Les bulletins de No\u00ebl de nos consultants Axel Merckx et Johan Museeuw (1\/2) : \u00ab\u00a0Sans van der Poel, Pogacar aurait d\u00e9j\u00e0 gagn\u00e9 tous les monuments !\u00a0\u00bb<\/a><\/p>\n","protected":false},"excerpt":{"rendered":"Et en 2026 ? Mads Pedersen, qui fera son retour sur la Grande Boucle, et Juan Ayuso, le&hellip;\n","protected":false},"author":2,"featured_media":595931,"comment_status":"","ping_status":"","sticky":false,"template":"","format":"standard","meta":{"footnotes":""},"categories":[1411],"tags":[10972,27512,1154,207,11762,1011,27,30348,30349,60],"class_list":{"0":"post-595930","1":"post","2":"type-post","3":"status-publish","4":"format-standard","5":"has-post-thumbnail","7":"category-cyclisme","8":"tag-amstel-gold-race","9":"tag-classiques-ardennaises","10":"tag-cycling","11":"tag-cyclisme","12":"tag-fleche-wallonne","13":"tag-fr","14":"tag-france","15":"tag-liege","16":"tag-province-de-liege","17":"tag-sports"},"share_on_mastodon":{"url":"https:\/\/pubeurope.com\/@fr\/115709568898126646","error":""},"_links":{"self":[{"href":"https:\/\/www.europesays.com\/fr\/wp-json\/wp\/v2\/posts\/595930","targetHints":{"allow":["GET"]}}],"collection":[{"href":"https:\/\/www.europesays.com\/fr\/wp-json\/wp\/v2\/posts"}],"about":[{"href":"https:\/\/www.europesays.com\/fr\/wp-json\/wp\/v2\/types\/post"}],"author":[{"embeddable":true,"href":"https:\/\/www.europesays.com\/fr\/wp-json\/wp\/v2\/users\/2"}],"replies":[{"embeddable":true,"href":"https:\/\/www.europesays.com\/fr\/wp-json\/wp\/v2\/comments?post=595930"}],"version-history":[{"count":0,"href":"https:\/\/www.europesays.com\/fr\/wp-json\/wp\/v2\/posts\/595930\/revisions"}],"wp:featuredmedia":[{"embeddable":true,"href":"https:\/\/www.europesays.com\/fr\/wp-json\/wp\/v2\/media\/595931"}],"wp:attachment":[{"href":"https:\/\/www.europesays.com\/fr\/wp-json\/wp\/v2\/media?parent=595930"}],"wp:term":[{"taxonomy":"category","embeddable":true,"href":"https:\/\/www.europesays.com\/fr\/wp-json\/wp\/v2\/categories?post=595930"},{"taxonomy":"post_tag","embeddable":true,"href":"https:\/\/www.europesays.com\/fr\/wp-json\/wp\/v2\/tags?post=595930"}],"curies":[{"name":"wp","href":"https:\/\/api.w.org\/{rel}","templated":true}]}}