{"id":595936,"date":"2025-12-13T01:06:14","date_gmt":"2025-12-13T01:06:14","guid":{"rendered":"https:\/\/www.europesays.com\/fr\/595936\/"},"modified":"2025-12-13T01:06:14","modified_gmt":"2025-12-13T01:06:14","slug":"concours-photo-la-plus-belle-vue-de-paris-decouvrez-les-3-laureats","status":"publish","type":"post","link":"https:\/\/www.europesays.com\/fr\/595936\/","title":{"rendered":"Concours photo \u00ab\u00a0La plus belle vue de Paris\u00a0\u00bb\u00a0: d\u00e9couvrez les 3 laur\u00e9ats"},"content":{"rendered":"<p>Le verdict est tomb\u00e9. Apr\u00e8s plusieurs mois de comp\u00e9tition, le <strong>concours photo \u00ab La plus belle vue de Paris \u00bb<\/strong> organis\u00e9 par l\u2019Observatoire Paris Montparnasse a livr\u00e9 ses <strong>trois gagnants<\/strong>. Parmi des centaines de participations, <strong>dix clich\u00e9s finalistes<\/strong> avaient \u00e9t\u00e9 s\u00e9lectionn\u00e9s et <strong>expos\u00e9s au 56e \u00e9tage de la Tour Montparnasse<\/strong>.<\/p>\n<p>Le concours invitait les photographes, amateurs comme professionnels, \u00e0 <strong>publier leurs plus belles photos de la capitale<\/strong> sur Instagram entre le 10 juillet et le 13 ao\u00fbt 2025, en utilisant le hashtag <strong>#PlusbellevuedeParis<\/strong>. Un jury compos\u00e9 de l\u2019\u00e9quipe de l\u2019Observatoire Paris Montparnasse et des partenaires <strong>Phototrend<\/strong> et <strong>LabKorner<\/strong> a ensuite s\u00e9lectionn\u00e9 64 finalistes, avant qu\u2019un <strong><a href=\"https:\/\/phototrend.fr\/2025\/09\/10-photos-finalistes-concours-la-plus-belle-vue-de-paris\/\" target=\"_blank\" rel=\"noopener\">vote du public<\/a><\/strong> sur Instagram ne r\u00e9duise la s\u00e9lection \u00e0 10 photos.<\/p>\n<p>Les trois laur\u00e9ats r\u00e9compens\u00e9s<\/p>\n<p>C\u2019est\u00a0<strong>Maxime Sellin-Forlay<\/strong>\u00a0(<a href=\"https:\/\/www.instagram.com\/unfrancaisaparis\/\" target=\"_blank\" rel=\"noopener\">@unfrancaisaparis<\/a>) qui remporte la premi\u00e8re place avec son clich\u00e9 intitul\u00e9<strong> \u00ab \u00c9l\u00e9vation pharaonique \u00bb<\/strong>. Une image saisissante de l\u2019Ob\u00e9lisque de la Concorde, que le photographe d\u00e9crit comme une \u00ab fl\u00e8che de pierre et de lumi\u00e8re \u00bb s\u2019\u00e9levant vers le ciel, \u00ab suspendue entre histoire et \u00e9ternit\u00e9 \u00bb.<\/p>\n<p><img decoding=\"async\" loading=\"lazy\" src=\"https:\/\/www.europesays.com\/fr\/wp-content\/uploads\/2025\/12\/unfrancais23.jpg\" alt=\"\"\/><\/p>\n<p>La deuxi\u00e8me place revient \u00e0\u00a0<strong>Yo\u00ebl Ta\u00efeb<\/strong>\u00a0(<a href=\"https:\/\/www.instagram.com\/yoeltaieb\/\" target=\"_blank\" rel=\"noopener\">@yoeltaieb<\/a>) pour son \u00ab Lever de lune \u00bb, capturant l\u2019alignement parfait entre la pleine lune et l\u2019un des monuments les plus embl\u00e9matiques de la capitale. Un ph\u00e9nom\u00e8ne c\u00e9leste que le photographe qualifie d\u2019\u00ab \u00e9v\u00e9nement magique \u00bb.<\/p>\n<p><img decoding=\"async\" loading=\"lazy\" src=\"https:\/\/www.europesays.com\/fr\/wp-content\/uploads\/2025\/12\/yoel23.jpg\" alt=\"\"\/><\/p>\n<p>Enfin,\u00a0<strong>Daniel Cohen<\/strong>\u00a0(<a href=\"https:\/\/www.instagram.com\/rubendany\/\" target=\"_blank\" rel=\"noopener\">@rubendany<\/a>) compl\u00e8te le podium avec \u00ab Histoire de perspective \u00bb, une composition m\u00ealant la pyramide du Louvre, l\u2019Arc de Triomphe et la vasque de Mathieu Lehanneur, c\u00e9l\u00e9brant ainsi \u00ab la magie parisienne \u00bb.<\/p>\n<p><img decoding=\"async\" loading=\"lazy\" src=\"https:\/\/www.europesays.com\/fr\/wp-content\/uploads\/2025\/12\/ruben23.jpg\" alt=\"\"\/><\/p>\n<p>Les dix clich\u00e9s finalistes, comprenant les laur\u00e9ats, sont actuellement expos\u00e9s au <strong><a href=\"https:\/\/www.tourmontparnasse56.com\/fr\/pont-dobservation\/\" target=\"_blank\" rel=\"noopener\">56e \u00e9tage de la Tour Montparnasse<\/a><\/strong>.<\/p>\n<p>Ce concours aura permis de <strong>c\u00e9l\u00e9brer la diversit\u00e9 des regards<\/strong> port\u00e9s sur la <strong>Ville Lumi\u00e8re<\/strong>.<\/p>\n<p>\t\t\t\t\t\t\t\t\t<script async src=\"\/\/www.instagram.com\/embed.js\"><\/script><\/p>\n","protected":false},"excerpt":{"rendered":"Le verdict est tomb\u00e9. Apr\u00e8s plusieurs mois de comp\u00e9tition, le concours photo \u00ab La plus belle vue de&hellip;\n","protected":false},"author":2,"featured_media":595937,"comment_status":"","ping_status":"","sticky":false,"template":"","format":"standard","meta":{"footnotes":""},"categories":[1358],"tags":[47,1348,1384,1385,33942,1386,58,59,11615,1011,27,39646],"class_list":{"0":"post-595936","1":"post","2":"type-post","3":"status-publish","4":"format-standard","5":"has-post-thumbnail","7":"category-arts-et-design","8":"tag-actualite","9":"tag-arts","10":"tag-arts-and-design","11":"tag-arts-et-design","12":"tag-concours-photo","13":"tag-design","14":"tag-divertissement","15":"tag-entertainment","16":"tag-featured","17":"tag-fr","18":"tag-france","19":"tag-observatoire-paris-montparnasse"},"share_on_mastodon":{"url":"https:\/\/pubeurope.com\/@fr\/115709580904519248","error":""},"_links":{"self":[{"href":"https:\/\/www.europesays.com\/fr\/wp-json\/wp\/v2\/posts\/595936","targetHints":{"allow":["GET"]}}],"collection":[{"href":"https:\/\/www.europesays.com\/fr\/wp-json\/wp\/v2\/posts"}],"about":[{"href":"https:\/\/www.europesays.com\/fr\/wp-json\/wp\/v2\/types\/post"}],"author":[{"embeddable":true,"href":"https:\/\/www.europesays.com\/fr\/wp-json\/wp\/v2\/users\/2"}],"replies":[{"embeddable":true,"href":"https:\/\/www.europesays.com\/fr\/wp-json\/wp\/v2\/comments?post=595936"}],"version-history":[{"count":0,"href":"https:\/\/www.europesays.com\/fr\/wp-json\/wp\/v2\/posts\/595936\/revisions"}],"wp:featuredmedia":[{"embeddable":true,"href":"https:\/\/www.europesays.com\/fr\/wp-json\/wp\/v2\/media\/595937"}],"wp:attachment":[{"href":"https:\/\/www.europesays.com\/fr\/wp-json\/wp\/v2\/media?parent=595936"}],"wp:term":[{"taxonomy":"category","embeddable":true,"href":"https:\/\/www.europesays.com\/fr\/wp-json\/wp\/v2\/categories?post=595936"},{"taxonomy":"post_tag","embeddable":true,"href":"https:\/\/www.europesays.com\/fr\/wp-json\/wp\/v2\/tags?post=595936"}],"curies":[{"name":"wp","href":"https:\/\/api.w.org\/{rel}","templated":true}]}}