{"id":595938,"date":"2025-12-13T01:08:13","date_gmt":"2025-12-13T01:08:13","guid":{"rendered":"https:\/\/www.europesays.com\/fr\/595938\/"},"modified":"2025-12-13T01:08:13","modified_gmt":"2025-12-13T01:08:13","slug":"les-notes-de-loups-garous-episode-3-so-foot-com","status":"publish","type":"post","link":"https:\/\/www.europesays.com\/fr\/595938\/","title":{"rendered":"Les notes de Loups Garous : \u00e9pisode 3 &#8211; SO FOOT.com"},"content":{"rendered":"<ol>\n<li><a href=\"https:\/\/news.google.com\/rss\/articles\/CBMiggFBVV95cUxQT19weWhremxIOVlTYWNSb2thYWxMSmN3Y3RkaUtfZVJYZ0htNEFDaXJHUC12cTFQV2Z0S3FGZmF1SmEwek5oQU1lSnJBbDN0RFQ1UUtqZWN2Y0tzRVFnR0FTSDhQcFpSelp5X2M3bzdSQWx2Q2JyRjFDYzUxMnRrQnRn?oc=5\" target=\"_blank\" rel=\"noopener\">Les notes de Loups Garous : \u00e9pisode 3<\/a>&nbsp;&nbsp;SO FOOT.com<\/li>\n<li><a href=\"https:\/\/news.google.com\/rss\/articles\/CBMi4AFBVV95cUxOcE5DNGJvaUZjQng2dU9GS0J1TlBaOWdvWXh0ZWxubUgwN1dIaHVud0VzWW1yaGR3dTNCWGNGU2tvYWxyaE56VW9wbWtiVS03UXFmRTJtOTVsWk90dlJEYm1tMVJRdEY2QldONjNSQlU4MV9nLXdJTzZJUGNIdGxpd0JGMm5xNndTSjd0SkNESS1XVnAyRVotV01YUV9QUHFtYTVZcU5tUTFGQklUSUQ2b1kzSzJueWs5S0NiUV9EVzVSa2F3aTNWcWtScTkzV3Fwa0FwSjZZSnAweHdaSk9CSw?oc=5\" target=\"_blank\" rel=\"noopener\">Yoan Hadadi, de la politique messine \u00e0 la t\u00e9l\u00e9 sur Canal+ dans \u00ab\u00a0Loups Garous\u00a0\u00bb<\/a>&nbsp;&nbsp;Radio France<\/li>\n<li><a href=\"https:\/\/news.google.com\/rss\/articles\/CBMi5gFBVV95cUxNTmFVLXRmWDdtS0lsanB2MDB1M21SMUprXzFlekVjSjdRcFVFNF9VT2RfblpOTTMxVm1tZ2gwVFVtdk1qazRESGdPN21hbExnV2V3Zzg3UHRMN0hDNGNnVmNBOTdibGJOcTdMNjVDQ0dQOFlsR2RBTG9XSWlYazhWVVI5SHIwcVRWNnpMNl8wYjlQc1ZFNEhXbkpuLUpHWmVfOHN2WGxBVDF2VzlIanhTRmdhYkhTYk04UU1EbFhGdjVfb1plS2pFS014emNvdERUcmpJanh1SlR4dUY0b005WGs1TFVxQQ?oc=5\" target=\"_blank\" rel=\"noopener\">Loups Garous saison 2 (Canal+) : Qui sont les villageois, qui sont les loups et qui est \u00e9limin\u00e9 dans l&rsquo;\u00e9pisode 3 ?<\/a>&nbsp;&nbsp;programme-tv.net<\/li>\n<li><a href=\"https:\/\/news.google.com\/rss\/articles\/CBMipwFBVV95cUxQT0tWZTlfLW0wdDYxVlQ2NWtJS04xbzBNa1JpOXFBUlBoSjhQTlZGcGZQWjNjMFpqVVd0cGtXS1J1NXV1ak1XZW1BcTllUVFtcnQxaVdsSWJqS2xXTmNzNDFOVVhHQzVPZ21IWmw4X0pXQTBCTjFHR1lUcmQ4dlIzOUt0OURUUHVtNmk4cTA0b3RqMDhsOTNINWpCd1ZHTkNSNHZaQm4wTQ?oc=5\" target=\"_blank\" rel=\"noopener\">Cr\u00e9dit Mutuel x Loups Garous : une alliance qui a du sens<\/a>&nbsp;&nbsp;Groupe Cr\u00e9dit Mutuel<\/li>\n<li><a href=\"https:\/\/news.google.com\/rss\/articles\/CBMivwFBVV95cUxOci1hRlk5MEdZTlpZVC05NHhvUHJuZ3JQbXpaQjBZcmRFNTlZcDlCdjN2VTI0dVE0aVN0eUlFdGV0MnZ0dWRTaVBLdFpzcnJZY0M1WVBZMFNGOWliSFl4LUIwbXdEMEdBMGVFb0FzVGlvUU9ycHNKT0VKSm5TbXRzMmFNQ3NyaE1Wc01FdndodTdUOHFRbVZQTGlQRmRhcE9nUHlNR1pQcUNOVG9yak52MUNlYWJaQU1HTXRqeFd4bw?oc=5\" target=\"_blank\" rel=\"noopener\">LOUPS GAROUS saison 2, \u00e9pisodes 1 et 2 : qui sera la ou le premier \u00e9limin\u00e9 ? (Spoilers)<\/a>&nbsp;&nbsp;CANAL+<\/li>\n<\/ol>\n","protected":false},"excerpt":{"rendered":"Les notes de Loups Garous : \u00e9pisode 3&nbsp;&nbsp;SO FOOT.com Yoan Hadadi, de la politique messine \u00e0 la t\u00e9l\u00e9&hellip;\n","protected":false},"author":2,"featured_media":595939,"comment_status":"","ping_status":"","sticky":false,"template":"","format":"standard","meta":{"footnotes":""},"categories":[1356],"tags":[47,61,69,65,58,59,64,63,1011,27,68,66,62,70,67,252,1364],"class_list":{"0":"post-595938","1":"post","2":"type-post","3":"status-publish","4":"format-standard","5":"has-post-thumbnail","7":"category-television","8":"tag-actualite","9":"tag-actus-football","10":"tag-bundesliga","11":"tag-championnats-europeens","12":"tag-divertissement","13":"tag-entertainment","14":"tag-equipe-de-france","15":"tag-football","16":"tag-fr","17":"tag-france","18":"tag-ligua","19":"tag-ligue-1","20":"tag-news-foot","21":"tag-premier-league","22":"tag-serie-a","23":"tag-television","24":"tag-tv"},"share_on_mastodon":{"url":"https:\/\/pubeurope.com\/@fr\/115709588581177169","error":""},"_links":{"self":[{"href":"https:\/\/www.europesays.com\/fr\/wp-json\/wp\/v2\/posts\/595938","targetHints":{"allow":["GET"]}}],"collection":[{"href":"https:\/\/www.europesays.com\/fr\/wp-json\/wp\/v2\/posts"}],"about":[{"href":"https:\/\/www.europesays.com\/fr\/wp-json\/wp\/v2\/types\/post"}],"author":[{"embeddable":true,"href":"https:\/\/www.europesays.com\/fr\/wp-json\/wp\/v2\/users\/2"}],"replies":[{"embeddable":true,"href":"https:\/\/www.europesays.com\/fr\/wp-json\/wp\/v2\/comments?post=595938"}],"version-history":[{"count":0,"href":"https:\/\/www.europesays.com\/fr\/wp-json\/wp\/v2\/posts\/595938\/revisions"}],"wp:featuredmedia":[{"embeddable":true,"href":"https:\/\/www.europesays.com\/fr\/wp-json\/wp\/v2\/media\/595939"}],"wp:attachment":[{"href":"https:\/\/www.europesays.com\/fr\/wp-json\/wp\/v2\/media?parent=595938"}],"wp:term":[{"taxonomy":"category","embeddable":true,"href":"https:\/\/www.europesays.com\/fr\/wp-json\/wp\/v2\/categories?post=595938"},{"taxonomy":"post_tag","embeddable":true,"href":"https:\/\/www.europesays.com\/fr\/wp-json\/wp\/v2\/tags?post=595938"}],"curies":[{"name":"wp","href":"https:\/\/api.w.org\/{rel}","templated":true}]}}