{"id":595942,"date":"2025-12-13T01:10:16","date_gmt":"2025-12-13T01:10:16","guid":{"rendered":"https:\/\/www.europesays.com\/fr\/595942\/"},"modified":"2025-12-13T01:10:16","modified_gmt":"2025-12-13T01:10:16","slug":"avengers-doomsday-il-y-aura-quatre-bandes-annonces-avant-avatar-une-par-semaine","status":"publish","type":"post","link":"https:\/\/www.europesays.com\/fr\/595942\/","title":{"rendered":"Avengers \u2013 Doomsday : Il y aura *quatre* bandes annonces avant Avatar\u2026 une par semaine !"},"content":{"rendered":"<p><a href=\"https:\/\/www.europesays.com\/fr\/wp-content\/uploads\/2025\/04\/avengers-doomsday-film-marvel-calendrier-news.jpg\"><img loading=\"lazy\" decoding=\"async\" class=\"aligncenter size-medium wp-image-269355\" src=\"https:\/\/www.europesays.com\/fr\/wp-content\/uploads\/2025\/04\/avengers-doomsday-film-marvel-calendrier-news.jpg\" alt=\"\" width=\"696\" height=\"258\"  \/><\/a><\/p>\n<p style=\"text-align: justify;\">Enfin du concret concernant la bande annonce d\u2019<strong>Avengers : Doomsday<\/strong>\u2026 ou plut\u00f4t, les *quatre* bandes annonces ! Chaque semaine, pendant un mois, une bande annonce diff\u00e9rente sera projet\u00e9e avant les s\u00e9ances d\u2019Avatar : De feu et de cendres. Disney met donc \u00e0 contribution Marvel Studios pour booster le box office du blockbuster de James Cameron, ce qui laisse penser que lesdites bandes annonces seront \u2013 dans un premier temps \u2013 une exclusivit\u00e9 diffus\u00e9e uniquement au cin\u00e9ma. Un peu comme ce que fait Christopher Nolan avec ses films. A d\u00e9faut de pouvoir se d\u00e9placer dans les temps, il faut donc se faire \u00e0 l\u2019id\u00e9e que nous d\u00e9couvrirons peut-\u00eatre les premi\u00e8res images d\u2019<strong>Avengers : Doomsday<\/strong> en qualit\u00e9 patate sur les internets. Quant au chiffre quatre : quatre vid\u00e9os pour les quatre super-\u00e9quipes du film (Avengers, Thunderbolts, X-Men, Quatre Fantastiques) ? Wait and see !<\/p>\n<p style=\"text-align: justify;\">[<a href=\"https:\/\/amzn.to\/46Te6ML\" rel=\"noopener noreferrer\" target=\"_blank\">Synopsis extrait des comics<\/a>] C\u2019est la fin du multivers. Les diff\u00e9rentes dimensions sont entr\u00e9es en collision et il ne reste rien. Enfin, si ! Une plan\u00e8te, compos\u00e9e des d\u00e9bris des mondes an\u00e9antis, o\u00f9 des versions des h\u00e9ros Marvel survivent sous le r\u00e8gne absolu du Docteur Fatalis. Cependant certains h\u00e9ros de son univers d\u2019origine ont \u00e9chapp\u00e9 \u00e0 cette destruction\u2026<\/p>\n<blockquote class=\"twitter-tweet\">\n<p lang=\"en\" dir=\"ltr\">It&rsquo;s a packed Heat Vision Newsletter \u2026 three scoops, plus new details from the cinematic worlds of Marvel and DC <\/p>\n<p>Read: <a href=\"https:\/\/t.co\/lUpulVakK6\">https:\/\/t.co\/lUpulVakK6<\/a><\/p>\n<p>Subscribe: <a href=\"https:\/\/t.co\/lEnluuBiWf\">https:\/\/t.co\/lEnluuBiWf<\/a><\/p>\n<p>\u2014 Aaron Couch (@AaronCouch) <a href=\"https:\/\/twitter.com\/AaronCouch\/status\/1999609321030811736?ref_src=twsrc%5Etfw\" target=\"_blank\" rel=\"noopener\">December 12, 2025<\/a><\/p>\n<\/blockquote>\n<p style=\"text-align: center;\">\ufe61\ufe61\ufe61\ufe61\ufe61<\/p>\n<p><a href=\"http:\/\/lestoilesheroiques.fr\/2020\/11\/chronologie-comics-avengers-ordre-de-lecture-guide-liste.html\" target=\"_blank\" rel=\"noopener\"><img loading=\"lazy\" decoding=\"async\" class=\"aligncenter size-full wp-image-203493\" src=\"https:\/\/www.europesays.com\/fr\/wp-content\/uploads\/2025\/04\/chronologie-comics-avengers-1.jpg\" alt=\"\" width=\"300\" height=\"120\"\/><\/a><\/p>\n<p style=\"text-align: center;\">\ufe61\ufe61\ufe61\ufe61\ufe61<\/p>\n<p style=\"text-align: justify;\"><strong>Avengers : Doomsday<\/strong> est r\u00e9alis\u00e9 par <strong>Anthony et Joe Russo<\/strong> et sort en France le 16 d\u00e9cembre 2026, avec <strong>Chris Hemsworth<\/strong> (Thor), <strong>Anthony Mackie<\/strong> (Captain America), <strong>Letitia Wright<\/strong> (Black Panther), <strong>Paul Rudd<\/strong> (Ant-Man), <strong>Simu Liu<\/strong> (Shang-Chi), <strong>Florence Pugh<\/strong> (Black Widow), <strong>Sebastian Stan<\/strong> (le Soldat de l\u2019Hiver), <strong>Patrick Stewart<\/strong> (Professeur X), <strong>Ian McKellen<\/strong> (Magn\u00e9to), <strong>Pedro Pascal<\/strong> (Mister Fantastique), <strong>Vanessa Kirby<\/strong> (la Femme Invisible), <strong>Tom Hiddleston<\/strong> (Loki) et <strong>Robert Downey Jr.<\/strong> (Docteur Fatalis).<\/p>\n<p><a href=\"https:\/\/amzn.to\/3JypO3L\" target=\"_blank\" rel=\"noopener noreferrer\"><img loading=\"lazy\" decoding=\"async\" class=\"aligncenter size-medium wp-image-200788\" src=\"https:\/\/www.europesays.com\/fr\/wp-content\/uploads\/2025\/05\/1747098672_910_rappelll.jpg\" alt=\"\" width=\"696\" height=\"73\"\/><\/a><\/p>\n<p>        <script async src=\"https:\/\/platform.twitter.com\/widgets.js\" charset=\"utf-8\"><\/script><\/p>\n","protected":false},"excerpt":{"rendered":"Enfin du concret concernant la bande annonce d\u2019Avengers : Doomsday\u2026 ou plut\u00f4t, les *quatre* bandes annonces ! Chaque&hellip;\n","protected":false},"author":2,"featured_media":595943,"comment_status":"","ping_status":"","sticky":false,"template":"","format":"standard","meta":{"footnotes":""},"categories":[1354],"tags":[58,59,1346,1011,27,1360],"class_list":{"0":"post-595942","1":"post","2":"type-post","3":"status-publish","4":"format-standard","5":"has-post-thumbnail","7":"category-films","8":"tag-divertissement","9":"tag-entertainment","10":"tag-films","11":"tag-fr","12":"tag-france","13":"tag-movies"},"share_on_mastodon":{"url":"https:\/\/pubeurope.com\/@fr\/115709597115202159","error":""},"_links":{"self":[{"href":"https:\/\/www.europesays.com\/fr\/wp-json\/wp\/v2\/posts\/595942","targetHints":{"allow":["GET"]}}],"collection":[{"href":"https:\/\/www.europesays.com\/fr\/wp-json\/wp\/v2\/posts"}],"about":[{"href":"https:\/\/www.europesays.com\/fr\/wp-json\/wp\/v2\/types\/post"}],"author":[{"embeddable":true,"href":"https:\/\/www.europesays.com\/fr\/wp-json\/wp\/v2\/users\/2"}],"replies":[{"embeddable":true,"href":"https:\/\/www.europesays.com\/fr\/wp-json\/wp\/v2\/comments?post=595942"}],"version-history":[{"count":0,"href":"https:\/\/www.europesays.com\/fr\/wp-json\/wp\/v2\/posts\/595942\/revisions"}],"wp:featuredmedia":[{"embeddable":true,"href":"https:\/\/www.europesays.com\/fr\/wp-json\/wp\/v2\/media\/595943"}],"wp:attachment":[{"href":"https:\/\/www.europesays.com\/fr\/wp-json\/wp\/v2\/media?parent=595942"}],"wp:term":[{"taxonomy":"category","embeddable":true,"href":"https:\/\/www.europesays.com\/fr\/wp-json\/wp\/v2\/categories?post=595942"},{"taxonomy":"post_tag","embeddable":true,"href":"https:\/\/www.europesays.com\/fr\/wp-json\/wp\/v2\/tags?post=595942"}],"curies":[{"name":"wp","href":"https:\/\/api.w.org\/{rel}","templated":true}]}}