{"id":595944,"date":"2025-12-13T01:11:14","date_gmt":"2025-12-13T01:11:14","guid":{"rendered":"https:\/\/www.europesays.com\/fr\/595944\/"},"modified":"2025-12-13T01:11:14","modified_gmt":"2025-12-13T01:11:14","slug":"face-a-la-progression-de-la-grippe-des-sms-de-lassurance-maladie-pour-inciter-a-la-vaccination-actualites","status":"publish","type":"post","link":"https:\/\/www.europesays.com\/fr\/595944\/","title":{"rendered":"Face \u00e0 la progression de la grippe, des SMS de l&rsquo;Assurance maladie pour inciter \u00e0 la vaccination : Actualit\u00e9s"},"content":{"rendered":"<p class=\"lead \">\u00ab\u00a0ATTENTION: le virus de la grippe circule TRES activement\u00a0\u00bb: l&rsquo;Assurance maladie a envoy\u00e9 ces derniers jours des textos \u00e0 certains Fran\u00e7ais \u00e0 risque pour les inciter \u00e0 se faire vacciner, alors que l&rsquo;\u00e9pid\u00e9mie touche la quasi totalit\u00e9 de l&rsquo;Hexagone et pr\u00e9occupe pour sa potentielle s\u00e9v\u00e9rit\u00e9.<\/p>\n<p class=\"lead \">Des parents d&rsquo;enfants \u00e0 risque ont re\u00e7u des messages proches: \u00ab\u00a0ASSURANCE MALADIE: ATTENTION: le virus de la grippe circule TRES activement, faites vite vacciner votre enfant pour le prot\u00e9ger et \u00e9viter des complications\u00a0\u00bb.<\/p>\n<p class=\"lead \">\u00ab\u00a0L\u2019ensemble de l\u2019Hexagone \u00e9tant en phase \u00e9pid\u00e9mique, des envois de SMS ont \u00e9t\u00e9 planifi\u00e9s entre le 10 et le 12 d\u00e9cembre\u00a0\u00bb, a pr\u00e9cis\u00e9 la Cnam vendredi \u00e0 l&rsquo;AFP, notant que \u00ab\u00a0le SMS est une nouveaut\u00e9 2025 en cas d\u2019\u00e9pid\u00e9mie de grippe\u00a0\u00bb et s&rsquo;ajoute aux  courriels de rappel de mi-novembre.<\/p>\n<p class=\"lead \">\u00ab\u00a0L\u2019objectif des diff\u00e9rentes relances r\u00e9alis\u00e9es par l\u2019Assurance Maladie est d\u2019\u00e9viter les oublis et de rappeler qu\u2019il est encore temps de se faire vacciner\u00a0\u00bb, selon la m\u00eame source.<\/p>\n<p class=\"lead \">Consultations en m\u00e9decine de ville, passages aux urgences, tests positifs: l&rsquo;\u00e9pid\u00e9mie de grippe saisonni\u00e8re a acc\u00e9l\u00e9r\u00e9 dans l&rsquo;Hexagone, o\u00f9 presque toutes les r\u00e9gions sont touch\u00e9es et o\u00f9 la Corse devrait suivre prochainement, d&rsquo;apr\u00e8s Sant\u00e9 publique France.<\/p>\n<p class=\"lead \">La dynamique est, jusqu&rsquo;ici, \u00ab\u00a0comparable\u00a0\u00bb \u00e0 celle de l&rsquo;an dernier \u00e0 la m\u00eame p\u00e9riode, a observ\u00e9 l&rsquo;agence sanitaire, apr\u00e8s une saison 2024\/2025 particuli\u00e8rement s\u00e9v\u00e8re, avec plus de 17.000 d\u00e9c\u00e8s et nombre de b\u00e9b\u00e9s hospitalis\u00e9s.<\/p>\n<p class=\"lead \">A l&rsquo;approche des f\u00eates, la ministre de la Sant\u00e9 St\u00e9phanie Rist a appel\u00e9 jeudi dans un communiqu\u00e9 \u00ab\u00a0\u00e0 la mobilisation de tous\u00a0\u00bb: \u00ab\u00a0la grippe n&rsquo;est pas une fatalit\u00e9: se vacciner, c&rsquo;est se prot\u00e9ger, mais aussi prot\u00e9ger nos proches les plus fragiles\u00a0\u00bb, et \u00ab\u00a0pr\u00e9server notre syst\u00e8me de sant\u00e9\u00a0\u00bb.<\/p>\n<p class=\"lead \">Il faut environ deux semaines pour d\u00e9velopper des anticorps apr\u00e8s l&rsquo;injection. <\/p>\n<p class=\"lead \">La vaccination demeure la meilleure d\u00e9fense contre les formes graves de grippe, surtout pour les plus vuln\u00e9rables (plus de 65 ans, femmes enceintes, personnes immunod\u00e9prim\u00e9es ou avec des maladies chroniques), mart\u00e8lent les autorit\u00e9s sanitaires. Les gestes barri\u00e8res (masques, a\u00e9ration, \u00e9vitement du contact avec les personnes fragiles) restent recommand\u00e9s.<\/p>\n<p class=\"lead \">La campagne de vaccination semble moins poussive qu&rsquo;un an plus t\u00f4t, et le minist\u00e8re de la Sant\u00e9 a annonc\u00e9 fin novembre qu&rsquo;il allait d\u00e9bloquer des stocks de s\u00e9curit\u00e9, certains pharmaciens se disant d\u00e9j\u00e0 \u00e0 court de doses.<\/p>\n<p class=\"lead \">L&rsquo;\u00e9pid\u00e9mie de grippe, plus pr\u00e9coce que les saisons pr\u00e9c\u00e9dentes, est port\u00e9e jusqu&rsquo;ici principalement par des virus de type A (H1N1 et H3N2), et plusieurs sp\u00e9cialistes craignent une \u00e9pid\u00e9mie s\u00e9rieuse, notamment sous l&rsquo;effet d&rsquo;un sous-variant de H3N2 appel\u00e9 \u00ab\u00a0K\u00a0\u00bb.<\/p>\n<p class=\"lead \">Le Royaume-Uni est confront\u00e9 \u00e0 une \u00ab\u00a0vague sans pr\u00e9c\u00e9dent\u00a0\u00bb de grippe, a averti vendredi le service de sant\u00e9 public britannique.<\/p>\n<p class=\"small font-weight-bold text-gray3 \"> publi\u00e9 le 12 d\u00e9cembre \u00e0 18h44, AFP<\/p>\n<p>                             Partager<\/p>\n","protected":false},"excerpt":{"rendered":"\u00ab\u00a0ATTENTION: le virus de la grippe circule TRES activement\u00a0\u00bb: l&rsquo;Assurance maladie a envoy\u00e9 ces derniers jours des textos&hellip;\n","protected":false},"author":2,"featured_media":595945,"comment_status":"","ping_status":"","sticky":false,"template":"","format":"standard","meta":{"footnotes":""},"categories":[10],"tags":[1011,27,72,693,17221,15299,585,71,17220,42,4008,5336],"class_list":{"0":"post-595944","1":"post","2":"type-post","3":"status-publish","4":"format-standard","5":"has-post-thumbnail","7":"category-sante","8":"tag-fr","9":"tag-france","10":"tag-health","11":"tag-industrie","12":"tag-mobiles","13":"tag-pharmacie","14":"tag-sant","15":"tag-sante","16":"tag-tlcoms","17":"tag-technologies","18":"tag-vaccins","19":"tag-virus"},"share_on_mastodon":{"url":"https:\/\/pubeurope.com\/@fr\/115709600317324874","error":""},"_links":{"self":[{"href":"https:\/\/www.europesays.com\/fr\/wp-json\/wp\/v2\/posts\/595944","targetHints":{"allow":["GET"]}}],"collection":[{"href":"https:\/\/www.europesays.com\/fr\/wp-json\/wp\/v2\/posts"}],"about":[{"href":"https:\/\/www.europesays.com\/fr\/wp-json\/wp\/v2\/types\/post"}],"author":[{"embeddable":true,"href":"https:\/\/www.europesays.com\/fr\/wp-json\/wp\/v2\/users\/2"}],"replies":[{"embeddable":true,"href":"https:\/\/www.europesays.com\/fr\/wp-json\/wp\/v2\/comments?post=595944"}],"version-history":[{"count":0,"href":"https:\/\/www.europesays.com\/fr\/wp-json\/wp\/v2\/posts\/595944\/revisions"}],"wp:featuredmedia":[{"embeddable":true,"href":"https:\/\/www.europesays.com\/fr\/wp-json\/wp\/v2\/media\/595945"}],"wp:attachment":[{"href":"https:\/\/www.europesays.com\/fr\/wp-json\/wp\/v2\/media?parent=595944"}],"wp:term":[{"taxonomy":"category","embeddable":true,"href":"https:\/\/www.europesays.com\/fr\/wp-json\/wp\/v2\/categories?post=595944"},{"taxonomy":"post_tag","embeddable":true,"href":"https:\/\/www.europesays.com\/fr\/wp-json\/wp\/v2\/tags?post=595944"}],"curies":[{"name":"wp","href":"https:\/\/api.w.org\/{rel}","templated":true}]}}