{"id":595949,"date":"2025-12-13T01:14:14","date_gmt":"2025-12-13T01:14:14","guid":{"rendered":"https:\/\/www.europesays.com\/fr\/595949\/"},"modified":"2025-12-13T01:14:14","modified_gmt":"2025-12-13T01:14:14","slug":"quel-binome-a-ete-elimine-ce-vendredi-12-decembre-sur-m6","status":"publish","type":"post","link":"https:\/\/www.europesays.com\/fr\/595949\/","title":{"rendered":"quel bin\u00f4me a \u00e9t\u00e9 \u00e9limin\u00e9 ce vendredi 12 d\u00e9cembre sur M6 ?"},"content":{"rendered":"<p><strong>La Route des glaces<\/strong> est sem\u00e9e d\u00a0\u00bbemb\u00fbches.<br \/>\n<strong>C\u2019est bien connu, et c\u2019est pour cela qu\u2019un nouveau bin\u00f4me a<br \/>\nsaut\u00e9 dans cette derni\u00e8re saison en date de P\u00e9kin Express.<\/strong><br \/>\nOn a assist\u00e9 \u00e0 un sacr\u00e9 retournement de situation \u00e0 la derni\u00e8re<br \/>\nminute. D\u00e9couvrez quels sont les candidats qui quittent la fameuse<br \/>\naventure lors de cette demi-finale de l&rsquo;\u00e9mission culte<br \/>\nd\u2019<strong>M6<\/strong>. Attention, <strong>spoilers<\/strong>\u2026<\/p>\n<p>P\u00e9kin Express : une t\u00e9l\u00e9-r\u00e9alit\u00e9 d\u2019aventure qui ne perd pas son<br \/>\nsouffle<\/p>\n<p>Saviez-vous que P\u00e9kin Express, comme toute bonne t\u00e9l\u00e9-r\u00e9alit\u00e9<br \/>\nfran\u00e7aise qui se respecte, n\u2019est pas du tout made in France \u00e0<br \/>\nl\u2019origine ? <strong>Eh oui, comme souvent, il s\u2019agit \u00e0 la base d\u2019un<br \/>\nprogramme n\u00e9erlando-belge.<\/strong> Ainsi, la version tricolore de<br \/>\ncette t\u00e9l\u00e9-r\u00e9alit\u00e9 d&rsquo;aventure d\u00e9barque par chez nous en 2006. Le<br \/>\nprincipe est simple : une course contre-la-montre entre diff\u00e9rents<br \/>\nbin\u00f4mes sur fond de paysage \u00e0 couper le souffle. En<br \/>\n<strong>Asie<\/strong>, d\u2019abord, puis ailleurs\u2026<\/p>\n<p>Le but ? <strong>Empocher une somme coquette allant de 50 000 \u00e0<br \/>\n100 000 \u20ac en fonction des saisons.<\/strong> Mais que serait une<br \/>\ncompet\u2019 de ce genre dans des \u00e9liminations. A chaque nouvelle<br \/>\n\u00e9mission, un bin\u00f4me saute. Malgr\u00e9 une baisse d\u2019audience suivie d\u2019un<br \/>\narr\u00eat, en 2014, P\u00e9kin Express a connu une r\u00e9surrection cathodique<br \/>\nquatre apr\u00e8s. C\u2019est une t\u00e9l\u00e9-r\u00e9alit\u00e9 tr\u00e8s appr\u00e9ci\u00e9e du public,<br \/>\nv\u00e9ritable course de fond qui ne perd pas son souffle malgr\u00e9 les<br \/>\nann\u00e9es.<\/p>\n<p>La Route des glaces est la derni\u00e8re saison de P\u00e9kin Express en<br \/>\ndate<\/p>\n<p>En 2025, on a eu droit \u00e0 deux \u00e9ditions de P\u00e9kin Express sur M6.<br \/>\n<strong>D\u2019abord La Route des tribus l\u00e9gendaires, diffus\u00e9e entre<br \/>\njanvier et avril.<\/strong> Un sacr\u00e9 p\u00e9riple de la<br \/>\n<strong>Tasmanie<\/strong> \u00e0 l\u2019<strong>Afrique du Sud<\/strong> en<br \/>\npassant par le <strong>Mozambique<\/strong> et le<br \/>\n<strong>Lesotho<\/strong>. Ce sont <strong>C\u00e9cile et Marion<\/strong><br \/>\nqui ont remport\u00e9 cette 20\u00e8me \u00e9dition. Deux \u00e9tudiantes qui n\u2019ont pas<br \/>\neu froid yeux tout en faisant preuve d\u2019une grande force et d\u2019une<br \/>\ngrande abn\u00e9gation durant l\u2019aventure.<\/p>\n<p>D\u00e9sormais, tous les yeux sont riv\u00e9s devant La Route des glaces.<br \/>\n<strong>Ou la saison 21 de P\u00e9kin Express qui nous emm\u00e8ne <a href=\"https:\/\/www.melty.fr\/tele\/pekin-express-2025-les-candidats-plonges-dans-un-froid-polaire-les-premieres-images-donnent-le-ton-2269698.html\" target=\"_blank\" rel=\"noopener\"><br \/>\ncette fois-ci en plein Kazakhstan<\/a>.<\/strong> Du c\u00f4t\u00e9 de<br \/>\n<strong>Chymkent<\/strong>, une grosse ville industrielle du pays,<br \/>\njusqu\u2019\u00e0 sa capitale, <strong>Astana<\/strong>. R\u00e9cemment,<br \/>\n<strong>K\u00e9vin et Sophie<\/strong> ont \u00e9t\u00e9 \u00e9limin\u00e9s durant les quarts<br \/>\nde finale de l\u2019\u00e9mission diffus\u00e9e sur M6. Aujourd\u2019hui, chez<br \/>\n<strong>Melty<\/strong>, avec nos confr\u00e8res de<br \/>\n<strong>Closer<\/strong>, on vous r\u00e9v\u00e8le les nouveaux perdants.<\/p>\n<p>Voici les deux \u00e9limin\u00e9s du vendredi 12<br \/>\nd\u00e9cembre dans P\u00e9kin Express<\/p>\n<p>Petite piq\u00fbre de rappel avant la grande r\u00e9v\u00e9lation que vous<br \/>\nattendez tous. <strong>Lors de cette demi-finale, d\u00e9j\u00e0, il fallait<br \/>\ngagner non pas une mais trois courses pour arriver \u00e0 ses<br \/>\nfins.<\/strong> Chaque course gagn\u00e9e fait empocher une amulette<br \/>\nd\u2019une valeur de <strong>20 000 \u20ac<\/strong> \u00e0 ses vainqueurs. La<br \/>\npremi\u00e8re course a \u00e9t\u00e9 remport\u00e9e par le bin\u00f4me <strong>Charlotte et<br \/>\nNathalie<\/strong>. Toutefois, ces derni\u00e8res n\u2019ont pas r\u00e9ussi \u00e0<br \/>\nr\u00e9it\u00e9rer l\u2019exploit sur les autres courses. Attention,<br \/>\n<strong>spoilers<\/strong>\u2026<\/p>\n<p><strong>Contre toute attente, Fabien et Missak, duo de potes<br \/>\ninfirmiers, ont \u00e9t\u00e9 \u00e9limin\u00e9s ce vendredi 12 d\u00e9cembre 2025 dans<br \/>\nP\u00e9kin Express &#8211; La Route des glaces.<\/strong> S\u2019ils se sont class\u00e9s<br \/>\npremier sur la troisi\u00e8me course, les deux larrons en foire avaient<br \/>\nn\u00e9anmoins une enveloppe noire depuis la seconde. Ce qui signifie<br \/>\nque le bin\u00f4me a perdu la comp\u00e9tition, oblig\u00e9 de quitter l\u2019aventure<br \/>\nau terme de cette demi-finale. Clap de fin, donc, pour Fabien et<br \/>\nMissak qui ont refil\u00e9 leur amulette \u00e0 Charlotte et Nathalie avant<br \/>\nde rendre leur balaise \u00e0 l\u2019animateur historique du jeu,<br \/>\n<strong>St\u00e9phane Rotenberg<\/strong>. Fabien se rem\u00e9more cette<br \/>\naventure hors norme : \u201cC\u2019\u00e9tait un parcours de folie et que des<br \/>\nbons souvenirs. Beaucoup de gal\u00e8res, mais aussi beaucoup de bons<br \/>\nsouvenirs et d\u2019\u00e9changes avec les habitants. Franchement c\u2019\u00e9tait<br \/>\ninoubliable.\u201d Avant de conclure : \u201c[&#8230;] <strong>J\u2019ai<br \/>\ngagn\u00e9 un fr\u00e8re<\/strong>\u201d. C\u2019est Missak qui doit \u00eatre content \u00e0<br \/>\nl\u2019arriv\u00e9e.<\/p>\n","protected":false},"excerpt":{"rendered":"La Route des glaces est sem\u00e9e d\u00a0\u00bbemb\u00fbches. C\u2019est bien connu, et c\u2019est pour cela qu\u2019un nouveau bin\u00f4me a&hellip;\n","protected":false},"author":2,"featured_media":595950,"comment_status":"","ping_status":"","sticky":false,"template":"","format":"standard","meta":{"footnotes":""},"categories":[8],"tags":[905,58,59,1011,27,70861,65861],"class_list":{"0":"post-595949","1":"post","2":"type-post","3":"status-publish","4":"format-standard","5":"has-post-thumbnail","7":"category-divertissement","8":"tag-a-la-une-melty","9":"tag-divertissement","10":"tag-entertainment","11":"tag-fr","12":"tag-france","13":"tag-pekin-express-2025","14":"tag-trend"},"share_on_mastodon":{"url":"https:\/\/pubeurope.com\/@fr\/115709612341051112","error":""},"_links":{"self":[{"href":"https:\/\/www.europesays.com\/fr\/wp-json\/wp\/v2\/posts\/595949","targetHints":{"allow":["GET"]}}],"collection":[{"href":"https:\/\/www.europesays.com\/fr\/wp-json\/wp\/v2\/posts"}],"about":[{"href":"https:\/\/www.europesays.com\/fr\/wp-json\/wp\/v2\/types\/post"}],"author":[{"embeddable":true,"href":"https:\/\/www.europesays.com\/fr\/wp-json\/wp\/v2\/users\/2"}],"replies":[{"embeddable":true,"href":"https:\/\/www.europesays.com\/fr\/wp-json\/wp\/v2\/comments?post=595949"}],"version-history":[{"count":0,"href":"https:\/\/www.europesays.com\/fr\/wp-json\/wp\/v2\/posts\/595949\/revisions"}],"wp:featuredmedia":[{"embeddable":true,"href":"https:\/\/www.europesays.com\/fr\/wp-json\/wp\/v2\/media\/595950"}],"wp:attachment":[{"href":"https:\/\/www.europesays.com\/fr\/wp-json\/wp\/v2\/media?parent=595949"}],"wp:term":[{"taxonomy":"category","embeddable":true,"href":"https:\/\/www.europesays.com\/fr\/wp-json\/wp\/v2\/categories?post=595949"},{"taxonomy":"post_tag","embeddable":true,"href":"https:\/\/www.europesays.com\/fr\/wp-json\/wp\/v2\/tags?post=595949"}],"curies":[{"name":"wp","href":"https:\/\/api.w.org\/{rel}","templated":true}]}}