{"id":595954,"date":"2025-12-13T01:18:13","date_gmt":"2025-12-13T01:18:13","guid":{"rendered":"https:\/\/www.europesays.com\/fr\/595954\/"},"modified":"2025-12-13T01:18:13","modified_gmt":"2025-12-13T01:18:13","slug":"aux-etats-unis-trump-intensifie-les-politiques-anti-immigration","status":"publish","type":"post","link":"https:\/\/www.europesays.com\/fr\/595954\/","title":{"rendered":"aux \u00c9tats-Unis, Trump intensifie les politiques anti-immigration"},"content":{"rendered":"<p>\n    <strong>D\u00c9CRYPTAGE &#8211; <\/strong>Depuis l\u2019attentat de Washington, la Maison-Blanche s\u2019attaque bruyamment \u00e0 l\u2019immigration l\u00e9gale, \u00e9voquant m\u00eame la n\u00e9cessit\u00e9 d\u2019une \u00abmigration invers\u00e9e\u00bb.<\/p>\n<p class=\"fig-paragraph\">Devant une telle diatribe, m\u00eame ses plus fervents supporters, bien qu\u2019approbateurs, semblaient surpris. Donald Trump s\u2019est interrog\u00e9 mardi soir, lors de son\u00a0<a href=\"http:\/\/www.lefigaro.fr\/international\/make-america-affordable-again-trump-en-campagne-sur-le-pouvoir-d-achat-avec-les-midterms-en-vue-20251210\" data-fig-type=\"Article\" data-gtm-custom-categorie=\"navigation\" data-gtm-custom-action=\"crossclick\" data-gtm-custom-label=\"Contextuel\" data-gtm-event=\"customEventSPE\" data-fig-domain=\"LEFIGARO\" target=\"_blank\" rel=\"noopener\">meeting en Pennsylvanie<\/a>, sur la nature de l\u2019immigration aux \u00c9tats-Unis. \u00abPourquoi est-ce que nous ne prenons que des gens qui viennent de pays de merde\u00a0? Pourquoi ne pouvons-nous pas avoir des gens de Su\u00e8de, de Norv\u00e8ge\u00a0?\u00bb Le pr\u00e9sident am\u00e9ricain a cit\u00e9 la Somalie, entre autres \u00abendroits calamiteux ; crasseux, sales, d\u00e9go\u00fbtants, gangren\u00e9s par la criminalit\u00e9\u00bb. Cette envol\u00e9e, qui a suscit\u00e9 un torrent d\u2019indignation chez les d\u00e9mocrates, marque l\u2019acc\u00e9l\u00e9ration de l\u2019administration Trump dans ses politiques anti-immigration depuis deux semaines.<\/p>\n<p class=\"fig-paragraph\">L\u2019attentat\u00a0<a href=\"http:\/\/www.lefigaro.fr\/international\/attentat-a-washington-donald-trump-suspend-les-programmes-d-asile-pour-les-afghans-20251127\" data-fig-type=\"Article\" data-gtm-custom-categorie=\"navigation\" data-gtm-custom-action=\"crossclick\" data-gtm-custom-label=\"Contextuel\" data-gtm-event=\"customEventSPE\" data-fig-domain=\"LEFIGARO\" target=\"_blank\" rel=\"noopener\">perp\u00e9tr\u00e9 \u00e0 Washington par un r\u00e9fugi\u00e9 afghan<\/a>\u00a0contre deux militaires de la Garde nationale a \u00e9t\u00e9 l\u2019\u00e9v\u00e9nement d\u00e9clencheur. \u00abJe vais suspendre l\u2019immigration en provenance de tous les pays du tiers-monde afin de permettre au syst\u00e8me am\u00e9ricain de se r\u00e9tablir compl\u00e8tement\u00bb, a dit le pr\u00e9sident\u2026<\/p>\n<p class=\"fig-premium-paywall__infos\">\n        Cet article est r\u00e9serv\u00e9 aux abonn\u00e9s.        Il vous reste 87% \u00e0 d\u00e9couvrir.\n    <\/p>\n<p>                <img  data- alt=\"Le Figaro\" class=\"fig-img--complete fig-img\"\/><\/p>\n<p class=\"fig-premium-paywall__title\">Vente Flash<\/p>\n<p class=\"fig-premium-paywall__subtitle\">-50% sur l&rsquo;abonnement num\u00e9rique<\/p>\n<p class=\"fig-premium-paywall__connect\">\n                D\u00e9j\u00e0 abonn\u00e9\u00a0?                <a class=\"fig-premium-paywall__connect-link\" href=\"https:\/\/connect.lefigaro.fr\/login?client=horizon_web&amp;type=main&amp;redirect_uri=https%3A%2F%2Fwww.lefigaro.fr%2Finternational%2Fmensonge-de-l-immigration-de-masse-aux-etats-unis-trump-intensifie-les-politiques-anti-immigration-20251212\" data-js-gtm=\"{&quot;customCategorie&quot;: &quot;conversion&quot;, &quot;customAction&quot;: &quot;before_Landing_Connexion_paywall_auto&quot;, &quot;customLabel&quot;: &quot;bGVmaWdhcm8uZnJfXzFmMGQ3NWM1LWRkODMtNjIzMC1hOWFmLTlkNDRlZWNjOGNlMF9fQXJ0aWNsZQ==_\u00abMensonge de l\u2019immigration de masse\u00bb\u00a0: aux \u00c9tats-Unis, Trump intensifie les politiques anti-immigration_292&quot;, &quot;customIDSPE&quot;: &quot;bGVmaWdhcm8uZnJfXzFmMGQ3NWM1LWRkODMtNjIzMC1hOWFmLTlkNDRlZWNjOGNlMF9fQXJ0aWNsZQ==&quot;, &quot;event&quot;: &quot;customEventSPE&quot;}\" target=\"_blank\" rel=\"noopener\"><br \/>\n                    Connectez-vous<br \/>\n                <\/a>\n            <\/p>\n","protected":false},"excerpt":{"rendered":"D\u00c9CRYPTAGE &#8211; Depuis l\u2019attentat de Washington, la Maison-Blanche s\u2019attaque bruyamment \u00e0 l\u2019immigration l\u00e9gale, \u00e9voquant m\u00eame la n\u00e9cessit\u00e9 d\u2019une&hellip;\n","protected":false},"author":2,"featured_media":595955,"comment_status":"","ping_status":"","sticky":false,"template":"","format":"standard","meta":{"footnotes":""},"categories":[5],"tags":[11,73,1011,27,1061,14,12,28],"class_list":{"0":"post-595954","1":"post","2":"type-post","3":"status-publish","4":"format-standard","5":"has-post-thumbnail","7":"category-international","8":"tag-actualites","9":"tag-etats-unis","10":"tag-fr","11":"tag-france","12":"tag-immigration","13":"tag-international","14":"tag-news","15":"tag-world"},"share_on_mastodon":{"url":"https:\/\/pubeurope.com\/@fr\/115709627887226311","error":""},"_links":{"self":[{"href":"https:\/\/www.europesays.com\/fr\/wp-json\/wp\/v2\/posts\/595954","targetHints":{"allow":["GET"]}}],"collection":[{"href":"https:\/\/www.europesays.com\/fr\/wp-json\/wp\/v2\/posts"}],"about":[{"href":"https:\/\/www.europesays.com\/fr\/wp-json\/wp\/v2\/types\/post"}],"author":[{"embeddable":true,"href":"https:\/\/www.europesays.com\/fr\/wp-json\/wp\/v2\/users\/2"}],"replies":[{"embeddable":true,"href":"https:\/\/www.europesays.com\/fr\/wp-json\/wp\/v2\/comments?post=595954"}],"version-history":[{"count":0,"href":"https:\/\/www.europesays.com\/fr\/wp-json\/wp\/v2\/posts\/595954\/revisions"}],"wp:featuredmedia":[{"embeddable":true,"href":"https:\/\/www.europesays.com\/fr\/wp-json\/wp\/v2\/media\/595955"}],"wp:attachment":[{"href":"https:\/\/www.europesays.com\/fr\/wp-json\/wp\/v2\/media?parent=595954"}],"wp:term":[{"taxonomy":"category","embeddable":true,"href":"https:\/\/www.europesays.com\/fr\/wp-json\/wp\/v2\/categories?post=595954"},{"taxonomy":"post_tag","embeddable":true,"href":"https:\/\/www.europesays.com\/fr\/wp-json\/wp\/v2\/tags?post=595954"}],"curies":[{"name":"wp","href":"https:\/\/api.w.org\/{rel}","templated":true}]}}