{"id":595972,"date":"2025-12-13T01:34:14","date_gmt":"2025-12-13T01:34:14","guid":{"rendered":"https:\/\/www.europesays.com\/fr\/595972\/"},"modified":"2025-12-13T01:34:14","modified_gmt":"2025-12-13T01:34:14","slug":"un-avocat-pour-chaque-enfant-place-la-loi-va-permettre-de-combattre-les-maltraitances-institutionnelles","status":"publish","type":"post","link":"https:\/\/www.europesays.com\/fr\/595972\/","title":{"rendered":"Un avocat pour chaque enfant plac\u00e9\u00a0: \u00ab\u00a0La loi va permettre de combattre les maltraitances institutionnelles\u00a0\u00bb"},"content":{"rendered":"<p class=\"paragraph text_align_left lp-f-body-02\">\u00c0 l\u2019unanimit\u00e9, jeudi 11 d\u00e9cembre, les d\u00e9put\u00e9s ont adopt\u00e9, \u00e0 269 voix pour, la proposition de loi d\u00e9pos\u00e9e par la socialiste Ayda Hadizadeh, visant <a href=\"https:\/\/www.leparisien.fr\/politique\/lassemblee-nationale-vote-a-lunanimite-la-garantie-pour-chaque-enfant-place-de-disposer-dun-avocat-11-12-2025-JFDVLCJHLJEZXASP3SPKRSYOLM.php\" target=\"_blank\" rel=\"noreferrer noopener\">\u00e0 rendre obligatoire la pr\u00e9sence d\u2019un avocat<\/a> aux c\u00f4t\u00e9s des 400 000 enfants concern\u00e9s par une mesure \u00ab d\u2019accompagnement \u00e9ducatif \u00bb \u2014 c\u2019est-\u00e0-dire un placement, ou un accompagnement \u00e0 domicile visant \u00e0 prot\u00e9ger l\u2019enfant de carences, maltraitances ou n\u00e9gligences suspect\u00e9es de la part de sa famille.<\/p>\n<p class=\"\">La mesure, qui sera financ\u00e9e par une taxe additionnelle sur la vente de tabac et cigarettes, \u00e9tait r\u00e9clam\u00e9e de longue date par <a href=\"https:\/\/www.leparisien.fr\/faits-divers\/justice-des-mineurs-bientot-un-avocat-pour-chaque-enfant-03-12-2025-HI4XKVUFDVCLXK7HXMXTPZVLCE.php?ts=1765530399965\" target=\"_blank\" rel=\"noreferrer noopener\">le collectif des anciens enfants plac\u00e9s<\/a>, les avocats et associations sp\u00e9cialis\u00e9es. \u00ab C\u2019est une loi historique \u00bb, salue Arnaud de Saint-R\u00e9my, avocat \u00e0 Rouen, qui repr\u00e9sente le conseil national des barreaux au Conseil national de la protection de l\u2019enfance.<\/p>\n","protected":false},"excerpt":{"rendered":"\u00c0 l\u2019unanimit\u00e9, jeudi 11 d\u00e9cembre, les d\u00e9put\u00e9s ont adopt\u00e9, \u00e0 269 voix pour, la proposition de loi d\u00e9pos\u00e9e&hellip;\n","protected":false},"author":2,"featured_media":588654,"comment_status":"","ping_status":"","sticky":false,"template":"","format":"standard","meta":{"footnotes":""},"categories":[9587],"tags":[1111,11,1777,674,118,1011,27,12,5161,25,9590],"class_list":{"0":"post-595972","1":"post","2":"type-post","3":"status-publish","4":"format-standard","5":"has-post-thumbnail","7":"category-rouen","8":"tag-actu","9":"tag-actualites","10":"tag-eu","11":"tag-europe","12":"tag-faits-divers","13":"tag-fr","14":"tag-france","15":"tag-news","16":"tag-normandie","17":"tag-republique-francaise","18":"tag-rouen"},"share_on_mastodon":{"url":"https:\/\/pubeurope.com\/@fr\/115709690729577896","error":""},"_links":{"self":[{"href":"https:\/\/www.europesays.com\/fr\/wp-json\/wp\/v2\/posts\/595972","targetHints":{"allow":["GET"]}}],"collection":[{"href":"https:\/\/www.europesays.com\/fr\/wp-json\/wp\/v2\/posts"}],"about":[{"href":"https:\/\/www.europesays.com\/fr\/wp-json\/wp\/v2\/types\/post"}],"author":[{"embeddable":true,"href":"https:\/\/www.europesays.com\/fr\/wp-json\/wp\/v2\/users\/2"}],"replies":[{"embeddable":true,"href":"https:\/\/www.europesays.com\/fr\/wp-json\/wp\/v2\/comments?post=595972"}],"version-history":[{"count":0,"href":"https:\/\/www.europesays.com\/fr\/wp-json\/wp\/v2\/posts\/595972\/revisions"}],"wp:featuredmedia":[{"embeddable":true,"href":"https:\/\/www.europesays.com\/fr\/wp-json\/wp\/v2\/media\/588654"}],"wp:attachment":[{"href":"https:\/\/www.europesays.com\/fr\/wp-json\/wp\/v2\/media?parent=595972"}],"wp:term":[{"taxonomy":"category","embeddable":true,"href":"https:\/\/www.europesays.com\/fr\/wp-json\/wp\/v2\/categories?post=595972"},{"taxonomy":"post_tag","embeddable":true,"href":"https:\/\/www.europesays.com\/fr\/wp-json\/wp\/v2\/tags?post=595972"}],"curies":[{"name":"wp","href":"https:\/\/api.w.org\/{rel}","templated":true}]}}