{"id":595973,"date":"2025-12-13T01:35:18","date_gmt":"2025-12-13T01:35:18","guid":{"rendered":"https:\/\/www.europesays.com\/fr\/595973\/"},"modified":"2025-12-13T01:35:18","modified_gmt":"2025-12-13T01:35:18","slug":"le-fc-rouen-enfonce-qrm","status":"publish","type":"post","link":"https:\/\/www.europesays.com\/fr\/595973\/","title":{"rendered":"le FC Rouen enfonce QRM"},"content":{"rendered":"\n<p style=\"text-align: left;\">Percutants et dominateurs d\u00e8s l\u2019entame du match, sans \u00eatre toutefois r\u00e9ellement dangereux, <strong>le FC Rouen a finalement ouvert la marque au moment id\u00e9al &#8211; \u00e0 la 39e minute -, peu de temps avant la mi-temps<\/strong>, \u00e0 l\u2019issue d\u2019une belle action collective conclue par l\u2019un des hommes forts depuis le d\u00e9but de saison c\u00f4t\u00e9 rouennais, Kenny Rocha Santos.<\/p>\n<p>Une seconde mi-temps st\u00e9rile<\/p>\n<p style=\"text-align: left;\">Le deuxi\u00e8me acte, plus approximatif dans le jeu et entach\u00e9 de fautes, n\u2019a pas permis au FC Rouen de se mettre \u00e0 l\u2019abri, malgr\u00e9 quelques situations int\u00e9ressantes vers la 70e minute, laissant ainsi \u00e0 QRM la possibilit\u00e9 de revenir au score. Une opportunit\u00e9 dont les \u00ab\u00a0visiteurs\u00a0\u00bb n\u2019ont pas su profiter. <strong>Score final : 1-0 pour le FCR et une place de leader retrouv\u00e9e juste avant la tr\u00e8ve hivernale.<\/strong> QRM est d\u00e9sormais 17e et en position de rel\u00e9gable.<\/p>\n<p>\u00a0<\/p>\n","protected":false},"excerpt":{"rendered":"Percutants et dominateurs d\u00e8s l\u2019entame du match, sans \u00eatre toutefois r\u00e9ellement dangereux, le FC Rouen a finalement ouvert&hellip;\n","protected":false},"author":2,"featured_media":595974,"comment_status":"","ping_status":"","sticky":false,"template":"","format":"standard","meta":{"footnotes":""},"categories":[9587],"tags":[1111,11,1777,674,12003,70865,70862,25068,1011,27,70866,12,5161,70864,25,70867,9590,35269,70863],"class_list":{"0":"post-595973","1":"post","2":"type-post","3":"status-publish","4":"format-standard","5":"has-post-thumbnail","7":"category-rouen","8":"tag-actu","9":"tag-actualites","10":"tag-eu","11":"tag-europe","12":"tag-fc-rouen","13":"tag-fc-rouen-leader","14":"tag-fcr-qrm","15":"tag-foot-normandie","16":"tag-fr","17":"tag-france","18":"tag-national-football","19":"tag-news","20":"tag-normandie","21":"tag-qrm","22":"tag-republique-francaise","23":"tag-resultat-fcr-qrm","24":"tag-rouen","25":"tag-stade-diochon","26":"tag-victoire-fcr"},"share_on_mastodon":{"url":"https:\/\/pubeurope.com\/@fr\/115709694715455532","error":""},"_links":{"self":[{"href":"https:\/\/www.europesays.com\/fr\/wp-json\/wp\/v2\/posts\/595973","targetHints":{"allow":["GET"]}}],"collection":[{"href":"https:\/\/www.europesays.com\/fr\/wp-json\/wp\/v2\/posts"}],"about":[{"href":"https:\/\/www.europesays.com\/fr\/wp-json\/wp\/v2\/types\/post"}],"author":[{"embeddable":true,"href":"https:\/\/www.europesays.com\/fr\/wp-json\/wp\/v2\/users\/2"}],"replies":[{"embeddable":true,"href":"https:\/\/www.europesays.com\/fr\/wp-json\/wp\/v2\/comments?post=595973"}],"version-history":[{"count":0,"href":"https:\/\/www.europesays.com\/fr\/wp-json\/wp\/v2\/posts\/595973\/revisions"}],"wp:featuredmedia":[{"embeddable":true,"href":"https:\/\/www.europesays.com\/fr\/wp-json\/wp\/v2\/media\/595974"}],"wp:attachment":[{"href":"https:\/\/www.europesays.com\/fr\/wp-json\/wp\/v2\/media?parent=595973"}],"wp:term":[{"taxonomy":"category","embeddable":true,"href":"https:\/\/www.europesays.com\/fr\/wp-json\/wp\/v2\/categories?post=595973"},{"taxonomy":"post_tag","embeddable":true,"href":"https:\/\/www.europesays.com\/fr\/wp-json\/wp\/v2\/tags?post=595973"}],"curies":[{"name":"wp","href":"https:\/\/api.w.org\/{rel}","templated":true}]}}