{"id":595977,"date":"2025-12-13T01:37:23","date_gmt":"2025-12-13T01:37:23","guid":{"rendered":"https:\/\/www.europesays.com\/fr\/595977\/"},"modified":"2025-12-13T01:37:23","modified_gmt":"2025-12-13T01:37:23","slug":"a-grenoble-un-gibet-du-xvie-siecle-decouvert-sous-un-parking","status":"publish","type":"post","link":"https:\/\/www.europesays.com\/fr\/595977\/","title":{"rendered":"\u00c0 Grenoble, un gibet du XVIe\u00a0si\u00e8cle d\u00e9couvert sous un parking"},"content":{"rendered":"<p>\n    Ce site d\u2019exhibition des condamn\u00e9s \u00e0 mort servait d\u2019avertissement \u00e0 la population sous l\u2019Ancien R\u00e9gime.<\/p>\n<p class=\"fig-paragraph\">\u00c0 quelques dizaines de m\u00e8tres des berges de l\u2019Is\u00e8re, dans un paysage aujourd\u2019hui fortement urbanis\u00e9, l\u2019esplanade de la Porte de France, \u00e0\u00a0<a href=\"http:\/\/www.lefigaro.fr\/200ans\/science-audace-esprit-montagnard-grenoble-deux-siecles-d-industrie-et-d-innovation-au-pied-des-alpes-20251211\" data-fig-type=\"Article\" data-gtm-custom-categorie=\"navigation\" data-gtm-custom-action=\"crossclick\" data-gtm-custom-label=\"Contextuel\" data-gtm-event=\"customEventSPE\" data-fig-domain=\"LEFIGARO\" target=\"_blank\" rel=\"noopener\">Grenoble<\/a>, n\u2019a rien a priori d\u2019un haut lieu judiciaire. Ce vaste espace \u00e0 l\u2019entr\u00e9e de la ville avait \u00e9t\u00e9 am\u00e9nag\u00e9 en parking pendant des d\u00e9cennies et semblait jusque-l\u00e0 sans grand int\u00e9r\u00eat sur le plan historique. Jusqu\u2019\u00e0 ce qu\u2019un projet de r\u00e9am\u00e9nagement urbain ne d\u00e9clenche un diagnostic d\u2019arch\u00e9ologie pr\u00e9ventive en 2024. Les chercheurs tombent alors sur une \u00e9trange structure ma\u00e7onn\u00e9e quadrangulaire. \u00c0 l\u2019automne, sur prescription de l\u2019\u00c9tat, les \u00e9quipes de\u00a0<a href=\"http:\/\/www.lefigaro.fr\/culture\/vingt-ans-de-l-inrap-l-archeologie-donne-la-parole-aux-muets-de-l-histoire-20220202\" data-fig-type=\"Article\" data-gtm-custom-categorie=\"navigation\" data-gtm-custom-action=\"crossclick\" data-gtm-custom-label=\"Contextuel\" data-gtm-event=\"customEventSPE\" data-fig-domain=\"LEFIGARO\" target=\"_blank\" rel=\"noopener\">l\u2019Institut national de recherches arch\u00e9ologiques pr\u00e9ventives\u00a0<\/a>(Inrap) engagent donc une fouille sur 1200\u00a0m\u00b2 &#8211; zone o\u00f9 les vestiges \u00e9taient le plus concentr\u00e9s &#8211; sur l\u2019esplanade de 2,2\u00a0hectares. \u00ab\u00a0Avant cette fouille, la carte arch\u00e9ologique \u00e9tait quasiment vide \u00e0 cet endroit\u00a0\u00bb, rappelle le responsable scientifique de la fouille, l\u2019arch\u00e9ologue Nicolas Minvielle-Larousse. \u00ab\u00a0C\u2019est l\u00e0 o\u00f9 nous ignorons tout\u2026<\/p>\n<p class=\"fig-premium-paywall__infos\">\n        Cet article est r\u00e9serv\u00e9 aux abonn\u00e9s.        Il vous reste 82% \u00e0 d\u00e9couvrir.\n    <\/p>\n<p>                <img  data- alt=\"Le Figaro\" class=\"fig-img--complete fig-img\"\/><\/p>\n<p class=\"fig-premium-paywall__title\">Vente Flash<\/p>\n<p class=\"fig-premium-paywall__subtitle\">-50% sur l&rsquo;abonnement num\u00e9rique<\/p>\n<p class=\"fig-premium-paywall__connect\">\n                D\u00e9j\u00e0 abonn\u00e9\u00a0?                <a class=\"fig-premium-paywall__connect-link\" href=\"https:\/\/connect.lefigaro.fr\/login?client=horizon_web&amp;type=main&amp;redirect_uri=https%3A%2F%2Fwww.lefigaro.fr%2Fsciences%2Fa-grenoble-un-gibet-du-xvie-siecle-decouvert-sous-un-parking-20251212\" data-js-gtm=\"{&quot;customCategorie&quot;: &quot;conversion&quot;, &quot;customAction&quot;: &quot;before_Landing_Connexion_paywall_auto&quot;, &quot;customLabel&quot;: &quot;bGVmaWdhcm8uZnJfXzFmMGQ3NzJhLTRlZjMtNmIxYy1iYWU3LTM5ODQzNjFhNGYzNF9fQXJ0aWNsZQ==_\u00c0 Grenoble, un gibet du XVI&lt;sup&gt;e\u00a0&lt;\/sup&gt;si\u00e8cle d\u00e9couvert sous un parking_1000&quot;, &quot;customIDSPE&quot;: &quot;bGVmaWdhcm8uZnJfXzFmMGQ3NzJhLTRlZjMtNmIxYy1iYWU3LTM5ODQzNjFhNGYzNF9fQXJ0aWNsZQ==&quot;, &quot;event&quot;: &quot;customEventSPE&quot;}\" target=\"_blank\" rel=\"noopener\"><br \/>\n                    Connectez-vous<br \/>\n                <\/a>\n            <\/p>\n","protected":false},"excerpt":{"rendered":"Ce site d\u2019exhibition des condamn\u00e9s \u00e0 mort servait d\u2019avertissement \u00e0 la population sous l\u2019Ancien R\u00e9gime. \u00c0 quelques dizaines&hellip;\n","protected":false},"author":2,"featured_media":595978,"comment_status":"","ping_status":"","sticky":false,"template":"","format":"standard","meta":{"footnotes":""},"categories":[9566],"tags":[1111,11,730,2430,5975,1777,674,1011,27,2731,12,25],"class_list":{"0":"post-595977","1":"post","2":"type-post","3":"status-publish","4":"format-standard","5":"has-post-thumbnail","7":"category-grenoble","8":"tag-actu","9":"tag-actualites","10":"tag-archeologie","11":"tag-auvergne-rhone-alpes","12":"tag-decouverte","13":"tag-eu","14":"tag-europe","15":"tag-fr","16":"tag-france","17":"tag-grenoble","18":"tag-news","19":"tag-republique-francaise"},"share_on_mastodon":{"url":"https:\/\/pubeurope.com\/@fr\/115709702638854286","error":""},"_links":{"self":[{"href":"https:\/\/www.europesays.com\/fr\/wp-json\/wp\/v2\/posts\/595977","targetHints":{"allow":["GET"]}}],"collection":[{"href":"https:\/\/www.europesays.com\/fr\/wp-json\/wp\/v2\/posts"}],"about":[{"href":"https:\/\/www.europesays.com\/fr\/wp-json\/wp\/v2\/types\/post"}],"author":[{"embeddable":true,"href":"https:\/\/www.europesays.com\/fr\/wp-json\/wp\/v2\/users\/2"}],"replies":[{"embeddable":true,"href":"https:\/\/www.europesays.com\/fr\/wp-json\/wp\/v2\/comments?post=595977"}],"version-history":[{"count":0,"href":"https:\/\/www.europesays.com\/fr\/wp-json\/wp\/v2\/posts\/595977\/revisions"}],"wp:featuredmedia":[{"embeddable":true,"href":"https:\/\/www.europesays.com\/fr\/wp-json\/wp\/v2\/media\/595978"}],"wp:attachment":[{"href":"https:\/\/www.europesays.com\/fr\/wp-json\/wp\/v2\/media?parent=595977"}],"wp:term":[{"taxonomy":"category","embeddable":true,"href":"https:\/\/www.europesays.com\/fr\/wp-json\/wp\/v2\/categories?post=595977"},{"taxonomy":"post_tag","embeddable":true,"href":"https:\/\/www.europesays.com\/fr\/wp-json\/wp\/v2\/tags?post=595977"}],"curies":[{"name":"wp","href":"https:\/\/api.w.org\/{rel}","templated":true}]}}