{"id":595979,"date":"2025-12-13T01:38:27","date_gmt":"2025-12-13T01:38:27","guid":{"rendered":"https:\/\/www.europesays.com\/fr\/595979\/"},"modified":"2025-12-13T01:38:27","modified_gmt":"2025-12-13T01:38:27","slug":"depart-de-feu-dans-un-souterrain-pres-des-horizons-les-pompiers-interviennent","status":"publish","type":"post","link":"https:\/\/www.europesays.com\/fr\/595979\/","title":{"rendered":"d\u00e9part de feu dans un souterrain pr\u00e8s des Horizons, les pompiers interviennent"},"content":{"rendered":"<p>                    Par<br \/>\n        <strong><br \/>\n            <a href=\"https:\/\/actu.fr\/auteur\/brian-legoff\" title=\"Consulter tous les articles de Brian Le Goff\" target=\"_blank\" rel=\"noopener\">Brian Le Goff<\/a><br \/>\n                    <\/strong><\/p>\n<p>        Publi\u00e9 le<\/p>\n<p>            12 d\u00e9c. 2025 \u00e0 20h41        <\/p>\n<p>Les<strong> sir\u00e8nes hurlantes<\/strong> des <a href=\"https:\/\/actu.fr\/tag\/pompiers\" target=\"_blank\" rel=\"noopener\">pompiers<\/a> ont alert\u00e9 les habitants du quartier du Bourg-l\u2019\u00c9v\u00eaque \u00e0 Rennes, <strong>vendredi 12 d\u00e9cembre soir. Peu apr\u00e8s 20h,<\/strong> les soldats du feu ont \u00e9t\u00e9 d\u00e9p\u00each\u00e9s, rue de Brest, pour un d\u00e9gagement de fum\u00e9e important, dans un souterrain, pr\u00e8s de la tour des Horizons.<\/p>\n<p class=\" wall-content\">\n<p class=\" wall-content\">\u00ab\u2009On avait comme information que le feu avait d\u00e9marr\u00e9 dans un parking souterrain de la tour des Horizons, ce qui a imm\u00e9diatement d\u00e9clench\u00e9 d\u2019importants moyens\u2009\u00bb, explique \u00e0 <a href=\"https:\/\/actu.fr\/rennes\/\" target=\"_blank\" rel=\"noopener\">actu Rennes<\/a> le chef de groupe des pompiers sur place.<\/p>\n<p>Quelques minutes d\u2019intervention<\/p>\n<p class=\" wall-content\">Or, malgr\u00e9 beaucoup de fum\u00e9e, l\u2019incendie \u00e9tait seulement situ\u00e9 dans le <strong>passage qui permet d\u2019acc\u00e9der au parking du centre commercial,<\/strong> ferm\u00e9 depuis des ann\u00e9es, sous la rue de Brest.<\/p>\n<p class=\" wall-content\">En quelques minutes,<strong> quelques soldats du feu<\/strong> des 24 envoy\u00e9s sur place ont<strong> \u00e9teint le d\u00e9but d\u2019incendie<\/strong> au moyen d\u2019une lance et l\u2019op\u00e9ration ne s\u2019est pas \u00e9ternis\u00e9e. \u00c0 20h30, les pompiers \u00e9taient repartis.<\/p>\n<p class=\" wall-content\">Personnalisez votre actualit\u00e9 en ajoutant vos villes et m\u00e9dias en favori avec <a href=\"https:\/\/moncompte.actu.fr\" title=\"D\u00e9couvez Mon Actu\" rel=\"nofollow noopener\" data-trk=\"{&quot;cta&quot;:{&quot;action&quot;:&quot;https:\\\/\\\/moncompte.actu.fr&quot;,&quot;category&quot;:&quot;mon compte&quot;,&quot;from&quot;:&quot;article footer&quot;,&quot;name&quot;:&quot;Mon actu&quot;,&quot;type&quot;:&quot;cta&quot;}}\" target=\"_blank\">Mon Actu<\/a>.<\/p>\n","protected":false},"excerpt":{"rendered":"Par Brian Le Goff Publi\u00e9 le 12 d\u00e9c. 2025 \u00e0 20h41 Les sir\u00e8nes hurlantes des pompiers ont alert\u00e9&hellip;\n","protected":false},"author":2,"featured_media":595980,"comment_status":"","ping_status":"","sticky":false,"template":"","format":"standard","meta":{"footnotes":""},"categories":[2821],"tags":[1111,11,829,1777,674,118,1011,27,12,1311,584,25],"class_list":{"0":"post-595979","1":"post","2":"type-post","3":"status-publish","4":"format-standard","5":"has-post-thumbnail","7":"category-rennes","8":"tag-actu","9":"tag-actualites","10":"tag-bretagne","11":"tag-eu","12":"tag-europe","13":"tag-faits-divers","14":"tag-fr","15":"tag-france","16":"tag-news","17":"tag-pompiers","18":"tag-rennes","19":"tag-republique-francaise"},"share_on_mastodon":{"url":"https:\/\/pubeurope.com\/@fr\/115709706561475830","error":""},"_links":{"self":[{"href":"https:\/\/www.europesays.com\/fr\/wp-json\/wp\/v2\/posts\/595979","targetHints":{"allow":["GET"]}}],"collection":[{"href":"https:\/\/www.europesays.com\/fr\/wp-json\/wp\/v2\/posts"}],"about":[{"href":"https:\/\/www.europesays.com\/fr\/wp-json\/wp\/v2\/types\/post"}],"author":[{"embeddable":true,"href":"https:\/\/www.europesays.com\/fr\/wp-json\/wp\/v2\/users\/2"}],"replies":[{"embeddable":true,"href":"https:\/\/www.europesays.com\/fr\/wp-json\/wp\/v2\/comments?post=595979"}],"version-history":[{"count":0,"href":"https:\/\/www.europesays.com\/fr\/wp-json\/wp\/v2\/posts\/595979\/revisions"}],"wp:featuredmedia":[{"embeddable":true,"href":"https:\/\/www.europesays.com\/fr\/wp-json\/wp\/v2\/media\/595980"}],"wp:attachment":[{"href":"https:\/\/www.europesays.com\/fr\/wp-json\/wp\/v2\/media?parent=595979"}],"wp:term":[{"taxonomy":"category","embeddable":true,"href":"https:\/\/www.europesays.com\/fr\/wp-json\/wp\/v2\/categories?post=595979"},{"taxonomy":"post_tag","embeddable":true,"href":"https:\/\/www.europesays.com\/fr\/wp-json\/wp\/v2\/tags?post=595979"}],"curies":[{"name":"wp","href":"https:\/\/api.w.org\/{rel}","templated":true}]}}