{"id":595981,"date":"2025-12-13T01:39:23","date_gmt":"2025-12-13T01:39:23","guid":{"rendered":"https:\/\/www.europesays.com\/fr\/595981\/"},"modified":"2025-12-13T01:39:23","modified_gmt":"2025-12-13T01:39:23","slug":"apres-sa-victoire-ecrasante-face-a-rennes-les-espoirs-du-rc-vannes-lancent-la-phase-retour-avec-un-esprit-revanchard","status":"publish","type":"post","link":"https:\/\/www.europesays.com\/fr\/595981\/","title":{"rendered":"Apr\u00e8s sa victoire \u00e9crasante face \u00e0 Rennes, les Espoirs du RC Vannes lancent la phase retour avec un esprit revanchard"},"content":{"rendered":"<p>Reichel Espoirs Accession (10e journ\u00e9e). RC Vannes &#8211; Soyaux Angoul\u00eame, ce samedi (14 h)<\/p>\n<p>Actuellement deuxi\u00e8me au classement, le RC Vannes est en bonne posture pour continuer \u00e0 r\u00eaver d\u2019une accession. Une place devant \u00eatre s\u00e9curis\u00e9e avec l\u2019appui d\u2019un calendrier favorable (cinq r\u00e9ceptions, quatre d\u00e9placements). Les joueurs de Jo De Bruin veulent tout de m\u00eame \u00eatre prudents.<\/p>\n<p>Une prudence accrue du souvenir du match aller du c\u00f4t\u00e9 de la Charente. Les partenaires de Gabin Bourgeois avaient pris la foudre en s\u2019inclinant 55-19. Depuis cette d\u00e9convenue, les jeunes bretons peuvent compter sur son capitaine et sa charni\u00e8re Valentin &#8211; Gicquel pour dynamiser le jeu.<\/p>\n<p>Pas le droit \u00e0 l\u2019erreur<\/p>\n<p><a href=\"https:\/\/www.letelegramme.fr\/sports\/rugby\/espoirs-accession-les-espoirs-du-rc-vannes-ecrasent-rennes-lors-du-derby-avec-un-succes-bonifie-6937813.php\" target=\"_blank\" rel=\"noopener\">La victoire \u00e9crasante du c\u00f4t\u00e9 de Rennes<\/a> avait permis aux Vannetais d\u2019oublier <a href=\"https:\/\/www.letelegramme.fr\/sports\/rugby\/espoirs-accession-les-espoirs-du-rc-vannes-renverses-sous-le-deluge-6933554.php\" target=\"_blank\" rel=\"noopener\">la d\u00e9faite \u00e0 domicile contre Suresnes<\/a>. Pour cette premi\u00e8re journ\u00e9e de la phase retour, le collectif vannetais se sait attendu face \u00e0 une \u00e9quipe proche au classement (5e, 27 points). Une avance minime, mais interdiction \u00e0 un nouveau faux pas face \u00e0 un concurrent direct. La raison ? En cas d\u2019\u00e9galit\u00e9 \u00e0 la fin de la saison, les confrontations directes seront scrut\u00e9es et pourraient tourner en faveur du SAXV.<\/p>\n<p class=\"titre-tech\">La composition<\/p>\n<p class=\"tech\">15. Senga Kouo &#8211; 14. Caroff, 13. Poulter, 12. Leblanc, 11. Brothers &#8211; 10. Baravilala, 9. Valentin &#8211; 7.Bourgeois (cap), 8. Nouvion, 6. Allard &#8211; 5. A\u00efkema, 4. Paul &#8211; 3. F\u00e9e, 2. Le Pechour Isma\u00efl, 1. Lavercombe<\/p>\n<p class=\"tech\">Rempla\u00e7ants : Aerdeman, Tafili, Vitolins, Parmentier, Sarthou, Turbin, Daniel, Ndiaye.<\/p>\n","protected":false},"excerpt":{"rendered":"Reichel Espoirs Accession (10e journ\u00e9e). RC Vannes &#8211; Soyaux Angoul\u00eame, ce samedi (14 h) Actuellement deuxi\u00e8me au classement,&hellip;\n","protected":false},"author":2,"featured_media":595982,"comment_status":"","ping_status":"","sticky":false,"template":"","format":"standard","meta":{"footnotes":""},"categories":[2821],"tags":[1111,11,829,1777,674,1011,27,12,3164,584,25,479,60,3165],"class_list":{"0":"post-595981","1":"post","2":"type-post","3":"status-publish","4":"format-standard","5":"has-post-thumbnail","7":"category-rennes","8":"tag-actu","9":"tag-actualites","10":"tag-bretagne","11":"tag-eu","12":"tag-europe","13":"tag-fr","14":"tag-france","15":"tag-news","16":"tag-rc-vannes","17":"tag-rennes","18":"tag-republique-francaise","19":"tag-rugby","20":"tag-sports","21":"tag-vannes"},"share_on_mastodon":{"url":"https:\/\/pubeurope.com\/@fr\/115709710536295143","error":""},"_links":{"self":[{"href":"https:\/\/www.europesays.com\/fr\/wp-json\/wp\/v2\/posts\/595981","targetHints":{"allow":["GET"]}}],"collection":[{"href":"https:\/\/www.europesays.com\/fr\/wp-json\/wp\/v2\/posts"}],"about":[{"href":"https:\/\/www.europesays.com\/fr\/wp-json\/wp\/v2\/types\/post"}],"author":[{"embeddable":true,"href":"https:\/\/www.europesays.com\/fr\/wp-json\/wp\/v2\/users\/2"}],"replies":[{"embeddable":true,"href":"https:\/\/www.europesays.com\/fr\/wp-json\/wp\/v2\/comments?post=595981"}],"version-history":[{"count":0,"href":"https:\/\/www.europesays.com\/fr\/wp-json\/wp\/v2\/posts\/595981\/revisions"}],"wp:featuredmedia":[{"embeddable":true,"href":"https:\/\/www.europesays.com\/fr\/wp-json\/wp\/v2\/media\/595982"}],"wp:attachment":[{"href":"https:\/\/www.europesays.com\/fr\/wp-json\/wp\/v2\/media?parent=595981"}],"wp:term":[{"taxonomy":"category","embeddable":true,"href":"https:\/\/www.europesays.com\/fr\/wp-json\/wp\/v2\/categories?post=595981"},{"taxonomy":"post_tag","embeddable":true,"href":"https:\/\/www.europesays.com\/fr\/wp-json\/wp\/v2\/tags?post=595981"}],"curies":[{"name":"wp","href":"https:\/\/api.w.org\/{rel}","templated":true}]}}