{"id":596003,"date":"2025-12-13T01:55:30","date_gmt":"2025-12-13T01:55:30","guid":{"rendered":"https:\/\/www.europesays.com\/fr\/596003\/"},"modified":"2025-12-13T01:55:30","modified_gmt":"2025-12-13T01:55:30","slug":"alternatif-celebre-la-force-du-collectif-pour-son-10%e1%b5%89-numero","status":"publish","type":"post","link":"https:\/\/www.europesays.com\/fr\/596003\/","title":{"rendered":"Alternatif c\u00e9l\u00e8bre la force du collectif pour son 10\u1d49 num\u00e9ro"},"content":{"rendered":"<p class=\"introduction\">Le magazine Alternatif d\u00e9voile son 10\u1d49 num\u00e9ro, un hommage vibrant \u00e0 la solidarit\u00e9, \u00e0 la cr\u00e9ativit\u00e9 et \u00e0 la force collective qui animent Roubaix. Dans un contexte de transitions \u00e9cologiques et sociales, la ville d\u00e9montre une fois encore sa capacit\u00e9 \u00e0 transformer les \u00e9preuves en leviers d\u2019action partag\u00e9e.<\/p>\n<p>\u00c0 l\u2019occasion de la <a href=\"https:\/\/www.roubaixxl.fr\/29e-nuit-des-arts\/\" target=\"_blank\" rel=\"noopener\">29\u1d49 Nuit des Arts<\/a>, Alternatif pr\u00e9sente en avant-premi\u00e8re ce nouveau num\u00e9ro, \u00e0 retrouver dans les diff\u00e9rents lieux ouverts pour l\u2019\u00e9v\u00e9nement. \u00c0 travers 72 pages d\u2019initiatives locales, de portraits inspirants et de lieux r\u00e9invent\u00e9s, le magazine met en lumi\u00e8re celles et ceux qui, chaque jour, inventent un autre vivre-ensemble.<\/p>\n<p>Au sommaire : un dossier consacr\u00e9 \u00e0 la r\u00e9silience roubaisienne face aux d\u00e9fis du monde actuel, o\u00f9 s\u2019entrem\u00ealent entraide, cr\u00e9ativit\u00e9 et engagement collectif. Un portfolio in\u00e9dit sign\u00e9 Laurent Dequick, architecte et photographe, qui capture Roubaix sous un angle graphique et sensible. Enfin, une s\u00e9rie de rencontres et de reportages d\u00e9di\u00e9s \u00e0 des lieux et des cr\u00e9ateurs qui s\u2019affranchissent des cadres \u00e9tablis, r\u00e9inventant leurs pratiques et leur rapport \u00e0 la ville.<\/p>\n<p>\u00c0 travers ce num\u00e9ro anniversaire, Alternatif poursuit sa mission : raconter un Roubaix audacieux, humain et en mouvement.<\/p>\n<p>\u00c0 d\u00e9couvrir dans les lieux de la <strong>Nuit des Arts<\/strong> ou sur <a href=\"https:\/\/alternatif-mag.fr\/\" target=\"_blank\" rel=\"noopener\">alternatif-mag.fr<\/a><\/p>\n","protected":false},"excerpt":{"rendered":"Le magazine Alternatif d\u00e9voile son 10\u1d49 num\u00e9ro, un hommage vibrant \u00e0 la solidarit\u00e9, \u00e0 la cr\u00e9ativit\u00e9 et \u00e0&hellip;\n","protected":false},"author":2,"featured_media":596004,"comment_status":"","ping_status":"","sticky":false,"template":"","format":"standard","meta":{"footnotes":""},"categories":[2815],"tags":[1111,11,9294,1777,674,1011,27,811,1307,12,25],"class_list":{"0":"post-596003","1":"post","2":"type-post","3":"status-publish","4":"format-standard","5":"has-post-thumbnail","7":"category-lille","8":"tag-actu","9":"tag-actualites","10":"tag-alternatif","11":"tag-eu","12":"tag-europe","13":"tag-fr","14":"tag-france","15":"tag-hauts-de-france","16":"tag-lille","17":"tag-news","18":"tag-republique-francaise"},"share_on_mastodon":{"url":"https:\/\/pubeurope.com\/@fr\/115709773425238325","error":""},"_links":{"self":[{"href":"https:\/\/www.europesays.com\/fr\/wp-json\/wp\/v2\/posts\/596003","targetHints":{"allow":["GET"]}}],"collection":[{"href":"https:\/\/www.europesays.com\/fr\/wp-json\/wp\/v2\/posts"}],"about":[{"href":"https:\/\/www.europesays.com\/fr\/wp-json\/wp\/v2\/types\/post"}],"author":[{"embeddable":true,"href":"https:\/\/www.europesays.com\/fr\/wp-json\/wp\/v2\/users\/2"}],"replies":[{"embeddable":true,"href":"https:\/\/www.europesays.com\/fr\/wp-json\/wp\/v2\/comments?post=596003"}],"version-history":[{"count":0,"href":"https:\/\/www.europesays.com\/fr\/wp-json\/wp\/v2\/posts\/596003\/revisions"}],"wp:featuredmedia":[{"embeddable":true,"href":"https:\/\/www.europesays.com\/fr\/wp-json\/wp\/v2\/media\/596004"}],"wp:attachment":[{"href":"https:\/\/www.europesays.com\/fr\/wp-json\/wp\/v2\/media?parent=596003"}],"wp:term":[{"taxonomy":"category","embeddable":true,"href":"https:\/\/www.europesays.com\/fr\/wp-json\/wp\/v2\/categories?post=596003"},{"taxonomy":"post_tag","embeddable":true,"href":"https:\/\/www.europesays.com\/fr\/wp-json\/wp\/v2\/tags?post=596003"}],"curies":[{"name":"wp","href":"https:\/\/api.w.org\/{rel}","templated":true}]}}