{"id":596008,"date":"2025-12-13T01:58:23","date_gmt":"2025-12-13T01:58:23","guid":{"rendered":"https:\/\/www.europesays.com\/fr\/596008\/"},"modified":"2025-12-13T01:58:23","modified_gmt":"2025-12-13T01:58:23","slug":"ligue-1-hamed-traore-met-le-feu-a-marseille","status":"publish","type":"post","link":"https:\/\/www.europesays.com\/fr\/596008\/","title":{"rendered":"Ligue 1, Hamed Traor\u00e9 met le feu \u00e0 Marseille"},"content":{"rendered":"<p>Hamed Traor\u00e9, d\u00e9j\u00e0 forfait pour la CAN, appara\u00eet d\u00e9sormais comme un joueur dont l\u2019avenir \u00e0 Marseille est incertain, malgr\u00e9 les attentes plac\u00e9es en lui \u00e0 son arriv\u00e9e. L\u2019OM, qui esp\u00e9rait profiter de sa polyvalence et de son explosivit\u00e9, se retrouve \u00e0 devoir composer sans lui depuis des mois. Le timing est d\u2019autant plus critique que d\u2019autres joueurs importants sont \u00e9galement \u00e9loign\u00e9s des terrains, notamment Amine Gouiri et Facundo Medina, toujours bless\u00e9s depuis longtemps.<\/p>\n<p>Le club phoc\u00e9en se voit donc contraint de r\u00e9agir rapidement pour pallier l\u2019absence prolong\u00e9e d\u2019Hamed Traor\u00e9, qui, contre toute attente, met aujourd\u2019hui le feu \u00e0 la strat\u00e9gie sportive marseillaise. Le mercato hivernal pourrait devenir le point de bascule : soit un retour inesp\u00e9r\u00e9 de l\u2019international ivoirien, soit un d\u00e9part anticip\u00e9 actant l\u2019\u00e9chec d\u2019une aventure qui n\u2019aura jamais r\u00e9ellement commenc\u00e9. En attendant une d\u00e9cision claire, l\u2019incertitude continue de planer autour d\u2019un joueur dont le potentiel avait pourtant s\u00e9duit l\u2019Olympique de Marseille.<\/p>\n","protected":false},"excerpt":{"rendered":"Hamed Traor\u00e9, d\u00e9j\u00e0 forfait pour la CAN, appara\u00eet d\u00e9sormais comme un joueur dont l\u2019avenir \u00e0 Marseille est incertain,&hellip;\n","protected":false},"author":2,"featured_media":596009,"comment_status":"","ping_status":"","sticky":false,"template":"","format":"standard","meta":{"footnotes":""},"categories":[2814],"tags":[1111,11,1777,674,1011,27,70869,66,884,70870,3127,12,882,25],"class_list":{"0":"post-596008","1":"post","2":"type-post","3":"status-publish","4":"format-standard","5":"has-post-thumbnail","7":"category-marseille","8":"tag-actu","9":"tag-actualites","10":"tag-eu","11":"tag-europe","12":"tag-fr","13":"tag-france","14":"tag-h-traore","15":"tag-ligue-1","16":"tag-marseille","17":"tag-marseille-vs-monaco","18":"tag-monaco","19":"tag-news","20":"tag-provence-alpes-cote-dazur","21":"tag-republique-francaise"},"share_on_mastodon":{"url":"https:\/\/pubeurope.com\/@fr\/115709785229001262","error":""},"_links":{"self":[{"href":"https:\/\/www.europesays.com\/fr\/wp-json\/wp\/v2\/posts\/596008","targetHints":{"allow":["GET"]}}],"collection":[{"href":"https:\/\/www.europesays.com\/fr\/wp-json\/wp\/v2\/posts"}],"about":[{"href":"https:\/\/www.europesays.com\/fr\/wp-json\/wp\/v2\/types\/post"}],"author":[{"embeddable":true,"href":"https:\/\/www.europesays.com\/fr\/wp-json\/wp\/v2\/users\/2"}],"replies":[{"embeddable":true,"href":"https:\/\/www.europesays.com\/fr\/wp-json\/wp\/v2\/comments?post=596008"}],"version-history":[{"count":0,"href":"https:\/\/www.europesays.com\/fr\/wp-json\/wp\/v2\/posts\/596008\/revisions"}],"wp:featuredmedia":[{"embeddable":true,"href":"https:\/\/www.europesays.com\/fr\/wp-json\/wp\/v2\/media\/596009"}],"wp:attachment":[{"href":"https:\/\/www.europesays.com\/fr\/wp-json\/wp\/v2\/media?parent=596008"}],"wp:term":[{"taxonomy":"category","embeddable":true,"href":"https:\/\/www.europesays.com\/fr\/wp-json\/wp\/v2\/categories?post=596008"},{"taxonomy":"post_tag","embeddable":true,"href":"https:\/\/www.europesays.com\/fr\/wp-json\/wp\/v2\/tags?post=596008"}],"curies":[{"name":"wp","href":"https:\/\/api.w.org\/{rel}","templated":true}]}}