{"id":596024,"date":"2025-12-13T02:09:12","date_gmt":"2025-12-13T02:09:12","guid":{"rendered":"https:\/\/www.europesays.com\/fr\/596024\/"},"modified":"2025-12-13T02:09:12","modified_gmt":"2025-12-13T02:09:12","slug":"lenvoye-special-americain-steve-witkoff-va-rencontrer-volodymyr-zelensky-et-des-europeens-a-berlin-durant-le-week-end","status":"publish","type":"post","link":"https:\/\/www.europesays.com\/fr\/596024\/","title":{"rendered":"l\u2019envoy\u00e9 sp\u00e9cial am\u00e9ricain Steve Witkoff va rencontrer Volodymyr Zelensky et des Europ\u00e9ens \u00e0 Berlin, durant le week-end"},"content":{"rendered":"<p>   L\u2019Allemagne accuse la Russie d\u2019une cyberattaque contre la s\u00e9curit\u00e9 a\u00e9rienne et d\u2019ing\u00e9rence \u00e9lectorale, l\u2019ambassade russe \u00e0 Berlin d\u00e9ment             <\/p>\n<p class=\"post__live-container--answer-text post__space-node\">L\u2019Allemagne a attribu\u00e9 \u00e0 la Russie, vendredi, une \u00ab\u00a0attaque informatique\u00a0\u00bb visant son syst\u00e8me de contr\u00f4le du trafic a\u00e9rien ainsi qu\u2019une \u00ab\u00a0campagne\u00a0\u00bb de d\u00e9stabilisation durant les derni\u00e8res l\u00e9gislatives allemandes, et a convoqu\u00e9 l\u2019ambassadeur russe \u00e0 Berlin pour r\u00e9pondre de ces accusations.<\/p>\n<p class=\"post__live-container--answer-text post__space-node\">\u00ab\u00a0Le service de renseignement militaire russe GRU est responsable de cette attaque\u00a0\u00bb informatique commise en ao\u00fbt\u00a02024 contre la s\u00e9curit\u00e9 a\u00e9rienne allemande, que Berlin \u00ab\u00a0attribue clairement (\u2026) au collectif de hackeurs APT\u00a028, \u00e9galement connu sous le nom de Fancy Bear\u00a0\u00bb, a d\u00e9clar\u00e9 un porte-parole du minist\u00e8re des affaires \u00e9trang\u00e8res allemand lors d\u2019un point presse r\u00e9gulier.<\/p>\n<p class=\"post__live-container--answer-text post__space-node\">\u00ab\u00a0Deuxi\u00e8mement, nous pouvons aujourd\u2019hui affirmer de mani\u00e8re formelle que la Russie a tent\u00e9, \u00e0 travers la campagne Storm\u00a01516, d\u2019influencer et de d\u00e9stabiliser tant la derni\u00e8re \u00e9lection au Bundestag [Parlement allemand, en f\u00e9vrier] que, de fa\u00e7on continue, les affaires int\u00e9rieures de la R\u00e9publique f\u00e9d\u00e9rale d\u2019Allemagne\u00a0\u00bb, a-t-il poursuivi.<\/p>\n<p class=\"post__live-container--answer-text post__space-node\">Ce que l\u2019ambassade russe \u00e0 Berlin a d\u00e9menti. \u00ab\u00a0L\u2019ambassadeur de Russie a cat\u00e9goriquement rejet\u00e9 les accusations d\u2019implication de structures \u00e9tatiques russes dans ces incidents et, de mani\u00e8re g\u00e9n\u00e9rale, dans les activit\u00e9s de groupes de hackeurs\u00a0\u00bb, a fait savoir la repr\u00e9sentation diplomatique russe dans un communiqu\u00e9 transmis \u00e0 l\u2019Agence France-Presse.<\/p>\n<p class=\"post__live-container--answer-text post__space-node\">Depuis l\u2019invasion russe de l\u2019Ukraine en f\u00e9vrier\u00a02022, les pays europ\u00e9ens accusent la Russie de mener une guerre \u00ab\u00a0hybride\u00a0\u00bb contre eux \u2212 un m\u00e9lange de moyens non conventionnels qui peut inclure du sabotage et des campagnes de d\u00e9sinformation. Berlin d\u00e9tient des \u00ab\u00a0preuves absolument solides\u00a0\u00bb de l\u2019implication de Moscou dans ces deux affaires, mais ne les d\u00e9taillera pas, pour prot\u00e9ger le travail de ses services de renseignement, a affirm\u00e9 le porte-parole. Ce dernier a \u00e9galement annonc\u00e9, \u00ab\u00a0en \u00e9troite concertation avec nos partenaires europ\u00e9ens, une s\u00e9rie de mesures de r\u00e9torsion afin de faire payer \u00e0 la Russie le prix de ses attaques hybrides\u00a0\u00bb.<\/p>\n","protected":false},"excerpt":{"rendered":"L\u2019Allemagne accuse la Russie d\u2019une cyberattaque contre la s\u00e9curit\u00e9 a\u00e9rienne et d\u2019ing\u00e9rence \u00e9lectorale, l\u2019ambassade russe \u00e0 Berlin d\u00e9ment&hellip;\n","protected":false},"author":2,"featured_media":596025,"comment_status":"","ping_status":"","sticky":false,"template":"","format":"standard","meta":{"footnotes":""},"categories":[1591],"tags":[11,1887,12,1885,1886,132],"class_list":{"0":"post-596024","1":"post","2":"type-post","3":"status-publish","4":"format-standard","5":"has-post-thumbnail","7":"category-russie","8":"tag-actualites","9":"tag-federation-de-russie","10":"tag-news","11":"tag-russia","12":"tag-russian-federation","13":"tag-russie"},"share_on_mastodon":{"url":"https:\/\/pubeurope.com\/@fr\/115709828457353277","error":""},"_links":{"self":[{"href":"https:\/\/www.europesays.com\/fr\/wp-json\/wp\/v2\/posts\/596024","targetHints":{"allow":["GET"]}}],"collection":[{"href":"https:\/\/www.europesays.com\/fr\/wp-json\/wp\/v2\/posts"}],"about":[{"href":"https:\/\/www.europesays.com\/fr\/wp-json\/wp\/v2\/types\/post"}],"author":[{"embeddable":true,"href":"https:\/\/www.europesays.com\/fr\/wp-json\/wp\/v2\/users\/2"}],"replies":[{"embeddable":true,"href":"https:\/\/www.europesays.com\/fr\/wp-json\/wp\/v2\/comments?post=596024"}],"version-history":[{"count":0,"href":"https:\/\/www.europesays.com\/fr\/wp-json\/wp\/v2\/posts\/596024\/revisions"}],"wp:featuredmedia":[{"embeddable":true,"href":"https:\/\/www.europesays.com\/fr\/wp-json\/wp\/v2\/media\/596025"}],"wp:attachment":[{"href":"https:\/\/www.europesays.com\/fr\/wp-json\/wp\/v2\/media?parent=596024"}],"wp:term":[{"taxonomy":"category","embeddable":true,"href":"https:\/\/www.europesays.com\/fr\/wp-json\/wp\/v2\/categories?post=596024"},{"taxonomy":"post_tag","embeddable":true,"href":"https:\/\/www.europesays.com\/fr\/wp-json\/wp\/v2\/tags?post=596024"}],"curies":[{"name":"wp","href":"https:\/\/api.w.org\/{rel}","templated":true}]}}