{"id":596055,"date":"2025-12-13T02:35:19","date_gmt":"2025-12-13T02:35:19","guid":{"rendered":"https:\/\/www.europesays.com\/fr\/596055\/"},"modified":"2025-12-13T02:35:19","modified_gmt":"2025-12-13T02:35:19","slug":"apres-la-restauration-de-notre-dame-philippe-jost-au-chevet-du-louvre","status":"publish","type":"post","link":"https:\/\/www.europesays.com\/fr\/596055\/","title":{"rendered":"Apr\u00e8s la restauration de Notre-Dame, Philippe Jost au chevet du Louvre"},"content":{"rendered":"<ul class=\"jsx-862013697 ArticleChapo__List\">\n<li class=\"jsx-862013697 ArticleChapo__List_Item flex\">Rachida Dati confie \u00e0 Philippe Jost une mission visant \u00e0 \u00ab\u00a0r\u00e9organiser en profondeur\u00a0\u00bb le mus\u00e9e.<\/li>\n<li class=\"jsx-862013697 ArticleChapo__List_Item flex\">Depuis 2023, ce polytechnicien supervise le chantier de la restauration du Louvre.<\/li>\n<li class=\"jsx-862013697 ArticleChapo__List_Item flex\">Une d\u00e9cision qui intervient alors que les avaries se multiplient depuis le casse du 19 octobre.<\/li>\n<\/ul>\n<p><a href=\"https:\/\/www.tf1info.fr\/actualite\/des-bijoux-inestimables-derobes-au-musee-du-louvre-14375\/\" rel=\"noopener\" class=\"jsx-484472199 Link jsx-1428418400 jsx-609604686\" target=\"_blank\"><\/p>\n<p style=\"font-weight:400\" class=\"jsx-1837267516\">Suivez la couverture compl\u00e8te<\/p>\n<p style=\"font-weight:800\" class=\"jsx-1837267516\">Des bijoux inestimables d\u00e9rob\u00e9s au mus\u00e9e du Louvre<\/p>\n<p><\/a><\/p>\n<p data-module=\"article-paragraph\" class=\"jsx-3046738180 Paragraph Paragraph__End\">D\u00e9j\u00e0 \u00e0 la t\u00eate de l&rsquo;\u00e9tablissement public charg\u00e9 de la restauration de la cath\u00e9drale Notre-Dame, Philippe Jost a \u00e9t\u00e9 choisi pour mener une mission aupr\u00e8s de la direction du Louvre visant \u00e0 \u00ab\u00a0r\u00e9organiser en profondeur le mus\u00e9e\u00a0\u00bb, a annonc\u00e9 ce vendredi Rachida Dati. \u00ab\u00a0Je lui confie une mission aupr\u00e8s de <a href=\"https:\/\/www.tf1info.fr\/justice-faits-divers\/cambriolage-au-louvre-vol-qui-est-laurence-des-cars-la-directrice-patronne-du-musee-auditionnee-aujourd-hui-2402091.html\" target=\"_blank\" rel=\"noopener\">Laurence Des Cars<\/a> (la pr\u00e9sidente du mus\u00e9e &#8211; ndlr) pour r\u00e9organiser en profondeur le mus\u00e9e du Louvre\u00a0\u00bb, a d\u00e9clar\u00e9 la ministre de la Culture au S\u00e9nat, lors d&rsquo;une s\u00e9ance consacr\u00e9e au projet de loi de finances. \u00ab\u00a0Des mesures indispensables sont \u00e0 prendre, bien au-del\u00e0 de la s\u00fbret\u00e9 et de la s\u00e9curit\u00e9\u00a0\u00bb, a-t-elle ajout\u00e9.<\/p>\n<p data-module=\"article-paragraph\" class=\"jsx-3046738180 Paragraph Paragraph__End\"><a href=\"https:\/\/www.tf1info.fr\/societe\/patrimoine-reouverture-chantier-de-notre-dame-de-paris-philippe-jost-succede-au-general-georgelin-decede-cet-ete-2268956.html\" target=\"_blank\" rel=\"noopener\">Philippe Jost<\/a>, 65 ans, occupe toujours le poste de pr\u00e9sident de l&rsquo;\u00e9tablissement public Reb\u00e2tir Notre-Dame de Paris, une structure cr\u00e9\u00e9e \u00e0 la suite du spectaculaire incendie de 2019. Cet \u00e9tablissement est le ma\u00eetre d&rsquo;ouvrage des travaux, qui se poursuivent en parall\u00e8le de la r\u00e9ouverture de l&rsquo;\u00e9difice depuis le 7 d\u00e9cembre 2024.<\/p>\n<p>Un pr\u00e9avis de gr\u00e8ve \u00e0 compter de lundi<\/p>\n<p data-module=\"article-paragraph\" class=\"jsx-3046738180 Paragraph Paragraph__End\">Polytechnicien de formation, Philippe Jost a fait toute sa carri\u00e8re dans le secteur de la d\u00e9fense. Ce haut fonctionnaire avait succ\u00e9d\u00e9 au g\u00e9n\u00e9ral Jean-Louis Georgelin, d\u00e9c\u00e9d\u00e9 accidentellement en 2023, pour superviser le chantier. Il a \u00e9t\u00e9 promu commandeur au sein de la L\u00e9gion d&rsquo;honneur en janvier.<\/p>\n<p><a href=\"https:\/\/www.tf1info.fr\/justice-faits-divers\/casse-du-louvre-les-voleurs-auraient-pu-etre-arretes-a-30-secondes-pres-selon-l-enquete-administrative-2411958.html\" rel=\"noopener\" class=\"jsx-3308031228 Link flex\" target=\"_blank\"><img decoding=\"async\" src=\"https:\/\/www.europesays.com\/fr\/wp-content\/uploads\/2025\/12\/cambriolage-louvre-19-oct-f14ba8-3@1x.jpeg\" alt=\"Le Louvre a \u00e9t\u00e9 cambriol\u00e9 ce dimanche 19 octobre. \" loading=\"lazy\" importance=\"low\" fetchpriority=\"low\" class=\"\" aria-hidden=\"true\"\/><\/p>\n<p class=\"jsx-3657663356 ReadMoreArticle__Title\">Lire aussi<\/p>\n<p class=\"jsx-3657663356\">Casse du Louvre : les voleurs auraient pu \u00eatre arr\u00eat\u00e9s \u00ab\u00a0\u00e0 30 secondes pr\u00e8s\u00a0\u00bb, selon l&rsquo;enqu\u00eate administrative<\/p>\n<p><\/a><\/p>\n<p data-module=\"article-paragraph\" class=\"jsx-3046738180 Paragraph\">Mus\u00e9e le plus visit\u00e9 au monde, le Louvre est dans la tourmente depuis <a href=\"https:\/\/www.tf1info.fr\/justice-faits-divers\/exclusif-document-tf1-minute-par-minute-voici-comment-s-est-deroule-le-cambriolage-des-joyaux-de-la-couronne-au-louvre-videosurveillance-2411812.html\" target=\"_blank\" rel=\"noopener\">un spectaculaire cambriolage de joyaux du XIX\u1d49\u00a0si\u00e8cle (nouvelle fen\u00eatre)<\/a>, estim\u00e9s \u00e0 88 millions d&rsquo;euros, le 19 octobre dernier. La fuite des voleurs aurait pu \u00eatre emp\u00each\u00e9e \u00ab\u00a0\u00e0 30 secondes pr\u00e8s\u00a0\u00bb, a jug\u00e9 mercredi au S\u00e9nat un responsable de l&rsquo;enqu\u00eate administrative.<\/p>\n<p data-module=\"article-paragraph\" class=\"jsx-3046738180 Paragraph Paragraph__End\">Apr\u00e8s des r\u00e9v\u00e9lations sur ses d\u00e9faillances de s\u00e9curit\u00e9, ainsi que d&rsquo;autres avaries survenues depuis le casse, le Louvre fait d\u00e9sormais face \u00e0 un pr\u00e9avis de gr\u00e8ve reconductible de ses personnels, \u00e0 compter de lundi. \u00ab\u00a0Ils ont le sentiment aujourd\u2019hui d\u2019\u00eatre le dernier rempart avant l&rsquo;effondrement\u00a0\u00bb, alertent les syndicats dans une lettre adress\u00e9e \u00e0 Rachida Dati.<\/p>\n<p>J\u00e9r\u00f4me VERMELIN<\/p>\n","protected":false},"excerpt":{"rendered":"Rachida Dati confie \u00e0 Philippe Jost une mission visant \u00e0 \u00ab\u00a0r\u00e9organiser en profondeur\u00a0\u00bb le mus\u00e9e. Depuis 2023, ce&hellip;\n","protected":false},"author":2,"featured_media":596056,"comment_status":"","ping_status":"","sticky":false,"template":"","format":"standard","meta":{"footnotes":""},"categories":[1358],"tags":[1111,11,1921,1348,1384,1385,62336,1386,58,59,1011,27,1922,2041,3341,417,133,2040],"class_list":{"0":"post-596055","1":"post","2":"type-post","3":"status-publish","4":"format-standard","5":"has-post-thumbnail","7":"category-arts-et-design","8":"tag-actu","9":"tag-actualites","10":"tag-article-video","11":"tag-arts","12":"tag-arts-and-design","13":"tag-arts-et-design","14":"tag-des-bijoux-inestimables-derobes-au-musee-du-louvre","15":"tag-design","16":"tag-divertissement","17":"tag-entertainment","18":"tag-fr","19":"tag-france","20":"tag-info","21":"tag-medias-et-divertissement","22":"tag-notre-dame-de-paris","23":"tag-rachida-dati","24":"tag-video","25":"tag-video-culture"},"share_on_mastodon":{"url":"https:\/\/pubeurope.com\/@fr\/115709931275978198","error":""},"_links":{"self":[{"href":"https:\/\/www.europesays.com\/fr\/wp-json\/wp\/v2\/posts\/596055","targetHints":{"allow":["GET"]}}],"collection":[{"href":"https:\/\/www.europesays.com\/fr\/wp-json\/wp\/v2\/posts"}],"about":[{"href":"https:\/\/www.europesays.com\/fr\/wp-json\/wp\/v2\/types\/post"}],"author":[{"embeddable":true,"href":"https:\/\/www.europesays.com\/fr\/wp-json\/wp\/v2\/users\/2"}],"replies":[{"embeddable":true,"href":"https:\/\/www.europesays.com\/fr\/wp-json\/wp\/v2\/comments?post=596055"}],"version-history":[{"count":0,"href":"https:\/\/www.europesays.com\/fr\/wp-json\/wp\/v2\/posts\/596055\/revisions"}],"wp:featuredmedia":[{"embeddable":true,"href":"https:\/\/www.europesays.com\/fr\/wp-json\/wp\/v2\/media\/596056"}],"wp:attachment":[{"href":"https:\/\/www.europesays.com\/fr\/wp-json\/wp\/v2\/media?parent=596055"}],"wp:term":[{"taxonomy":"category","embeddable":true,"href":"https:\/\/www.europesays.com\/fr\/wp-json\/wp\/v2\/categories?post=596055"},{"taxonomy":"post_tag","embeddable":true,"href":"https:\/\/www.europesays.com\/fr\/wp-json\/wp\/v2\/tags?post=596055"}],"curies":[{"name":"wp","href":"https:\/\/api.w.org\/{rel}","templated":true}]}}