{"id":596110,"date":"2025-12-13T03:16:56","date_gmt":"2025-12-13T03:16:56","guid":{"rendered":"https:\/\/www.europesays.com\/fr\/596110\/"},"modified":"2025-12-13T03:16:56","modified_gmt":"2025-12-13T03:16:56","slug":"fc-nantes-une-addition-salee-pour-les-jaunes-defaite-logique-face-a-angers-4-1","status":"publish","type":"post","link":"https:\/\/www.europesays.com\/fr\/596110\/","title":{"rendered":"FC Nantes\u00a0: une addition sal\u00e9e pour les Jaunes, d\u00e9faite logique face \u00e0 Angers (4-1)"},"content":{"rendered":"<p>Avec son nouvel entraineur Ahmed Kantari, le FC Nantes n&rsquo;a pas eu la r\u00e9action esp\u00e9r\u00e9e ce vendredi soir lors du derby face au SCO d&rsquo;Angers, en ouverture de la 16\u00e8me journ\u00e9e de Ligue 1. Pire, les Jaunes ont sombr\u00e9 face au voisin (4-1).<\/p>\n<p>La r\u00e9action tant esp\u00e9r\u00e9e n&rsquo;est pas arriv\u00e9e. Pire que \u00e7a, les Nantais ont compl\u00e8tement sombr\u00e9 ce vendredi soir sur la pelouse du stade Raymond-Kopa face au voisin angevin (4-1). Une d\u00e9culott\u00e9e dessin\u00e9e en plusieurs temps. Le premier acte arrive d\u00e8s le premier quart d&rsquo;heure de jeu. Les joueurs du SCO obtiennent un penalty sur une main de Tylel Tati dans sa surface. L&rsquo;offrande est pour Himad Abdelli, qui ne se fait pas prier et ouvre le score <strong>\u00e0 la 16\u00e8me minute de jeu<\/strong>.<\/p>\n<p>Le match ne pouvait pas plus mal d\u00e9marrer. Et la suite ne sera pas plus rassurante, avec des Jaunes qui ont toujours toutes les peines du monde \u00e0 se montrer dangereux devant le but adverse.<\/p>\n<p>Les Canaris s&rsquo;enfoncent dans la crise<\/p>\n<p>Les Jaunes ne sauront toujours <strong>pas faire la diff\u00e9rence<\/strong> dans le second acte. Pire, ils encaissent un deuxi\u00e8me but sur une balle bien amen\u00e9e en profondeur par Sidiki Cherif, qui trompe le gardien Anthony Lopes \u00e0 la 60\u00e8me minute. L&rsquo;estocade est port\u00e9, face \u00e0 des Jaunes tr\u00e8s inqui\u00e9tants dans le jeu, mais aussi dans les attitudes. \u00ab\u00a0La mission est encore plus difficile qu&rsquo;il y a un an\u00a0\u00bb, avoue le nouvel entraineur Ahmed Kantari \u00e0 la sortie de la rencontre. Et il a du pain sur la planche.<\/p>\n<p>Les occasions vont s&rsquo;enchainer jusqu&rsquo;\u00e0 la fin pour Angers. Avec au milieu une courte \u00e9claircie pour les Jaunes, sur un joli une-deux r\u00e9ussi entre Mickayl Lahdo et Fabien Centonze. Le lat\u00e9ral droit vient loger une belle frappe dans la lucarne. L&rsquo;\u00e9cart est r\u00e9duit (2-1), et <strong>l&rsquo;espoir revient le temps<\/strong> de quelques instants. Mais ce sera de courte dur\u00e9e.<\/p>\n<p>Jusqu&rsquo;au bout, la soir\u00e9e fut <strong>un cauchemar<\/strong> pour des Canaris malades. Pas en phase terminale, mais d\u00e9cid\u00e9ment tr\u00e8s inqui\u00e9tants. Harouna Djibrin (87\u00e8me), puis Lilian Raolisoa viennent clore le festival offensif angevin en toute fin de match. L&rsquo;addition est sal\u00e9e, mais somme toute logique pour un FC Nantes \u00e0 c\u00f4t\u00e9 de ses pompes, qui se d\u00e9place sur la pelouse de l&rsquo;US Concarneau (National) le week-end prochain en Coupe de France.<\/p>\n<p>loading<\/p>\n<p>loading<\/p>\n","protected":false},"excerpt":{"rendered":"Avec son nouvel entraineur Ahmed Kantari, le FC Nantes n&rsquo;a pas eu la r\u00e9action esp\u00e9r\u00e9e ce vendredi soir&hellip;\n","protected":false},"author":2,"featured_media":596111,"comment_status":"","ping_status":"","sticky":false,"template":"","format":"standard","meta":{"footnotes":""},"categories":[2818],"tags":[1111,11,1777,674,1011,27,766,12,2636,25],"class_list":{"0":"post-596110","1":"post","2":"type-post","3":"status-publish","4":"format-standard","5":"has-post-thumbnail","7":"category-nantes","8":"tag-actu","9":"tag-actualites","10":"tag-eu","11":"tag-europe","12":"tag-fr","13":"tag-france","14":"tag-nantes","15":"tag-news","16":"tag-pays-de-la-loire","17":"tag-republique-francaise"},"share_on_mastodon":{"url":"https:\/\/pubeurope.com\/@fr\/115710095769298040","error":""},"_links":{"self":[{"href":"https:\/\/www.europesays.com\/fr\/wp-json\/wp\/v2\/posts\/596110","targetHints":{"allow":["GET"]}}],"collection":[{"href":"https:\/\/www.europesays.com\/fr\/wp-json\/wp\/v2\/posts"}],"about":[{"href":"https:\/\/www.europesays.com\/fr\/wp-json\/wp\/v2\/types\/post"}],"author":[{"embeddable":true,"href":"https:\/\/www.europesays.com\/fr\/wp-json\/wp\/v2\/users\/2"}],"replies":[{"embeddable":true,"href":"https:\/\/www.europesays.com\/fr\/wp-json\/wp\/v2\/comments?post=596110"}],"version-history":[{"count":0,"href":"https:\/\/www.europesays.com\/fr\/wp-json\/wp\/v2\/posts\/596110\/revisions"}],"wp:featuredmedia":[{"embeddable":true,"href":"https:\/\/www.europesays.com\/fr\/wp-json\/wp\/v2\/media\/596111"}],"wp:attachment":[{"href":"https:\/\/www.europesays.com\/fr\/wp-json\/wp\/v2\/media?parent=596110"}],"wp:term":[{"taxonomy":"category","embeddable":true,"href":"https:\/\/www.europesays.com\/fr\/wp-json\/wp\/v2\/categories?post=596110"},{"taxonomy":"post_tag","embeddable":true,"href":"https:\/\/www.europesays.com\/fr\/wp-json\/wp\/v2\/tags?post=596110"}],"curies":[{"name":"wp","href":"https:\/\/api.w.org\/{rel}","templated":true}]}}