{"id":596213,"date":"2025-12-13T04:35:38","date_gmt":"2025-12-13T04:35:38","guid":{"rendered":"https:\/\/www.europesays.com\/fr\/596213\/"},"modified":"2025-12-13T04:35:38","modified_gmt":"2025-12-13T04:35:38","slug":"metropole-de-genoble-attention-aux-faux-agents-de-la-metro-demarchant-les-particuliers","status":"publish","type":"post","link":"https:\/\/www.europesays.com\/fr\/596213\/","title":{"rendered":"M\u00e9tropole de Genoble. Attention aux faux agents de la M\u00e9tro d\u00e9marchant les particuliers"},"content":{"rendered":"<p class=\"xsm-p\">Grenoble Alpes M\u00e9tropole met en garde la population sur \u00ab\u00a0une recrudescence de tentatives de fraude impliquant\u00a0de faux d\u00e9marcheurs se faisant passer pour des \u00e9boueurs ou agents de la collecte des d\u00e9chets qui vendent\u00a0des calendriers et demandent des \u00e9trennes\u00a0\u00bb.<\/p>\n<p class=\"xsm-p\">Selon la M\u00e9tro, \u00ab\u00a0ces individus malveillants d\u00e9marchent les particuliers, en porte-\u00e0-porte ou par t\u00e9l\u00e9phone, pour r\u00e9clamer des \u00e9trennes, vendre des calendriers, solliciter des paiements sous divers pr\u00e9textes\u00a0\u00bb.\u00a0<\/p>\n<p class=\"xsm-p\">Selon Grenoble-Alpes M\u00e9tropole, \u00ab\u00a0aucun agent du service de collecte des d\u00e9chets n\u2019est mandat\u00e9 pour effectuer ce type de d\u00e9marchage aupr\u00e8s des usagers.\u00a0Les v\u00e9ritables agents de la M\u00e9tropole ne sollicitent jamais les habitants \u00e0 leur domicile ou par t\u00e9l\u00e9phone pour demander de l\u2019argent ou vendre des produits\u00a0\u00bb.<\/p>\n<p class=\"xsm-p\">Il est donc recommand\u00e9, en cas de d\u00e9marchage suspect, de ne donner aucune information personnelle, de ne proc\u00e9der \u00e0 aucun paiement et de signaler imm\u00e9diatement ces tentatives aux services de police ou de gendarmerie.<\/p>\n","protected":false},"excerpt":{"rendered":"Grenoble Alpes M\u00e9tropole met en garde la population sur \u00ab\u00a0une recrudescence de tentatives de fraude impliquant\u00a0de faux d\u00e9marcheurs&hellip;\n","protected":false},"author":2,"featured_media":596214,"comment_status":"","ping_status":"","sticky":false,"template":"","format":"standard","meta":{"footnotes":""},"categories":[9566],"tags":[1111,11,2430,271,272,112,1777,674,274,1011,27,2731,108,1985,12,25],"class_list":{"0":"post-596213","1":"post","2":"type-post","3":"status-publish","4":"format-standard","5":"has-post-thumbnail","7":"category-grenoble","8":"tag-actu","9":"tag-actualites","10":"tag-auvergne-rhone-alpes","11":"tag-crime","12":"tag-delit-et-contravention","13":"tag-edition-grenoble-agglomeration","14":"tag-eu","15":"tag-europe","16":"tag-faits-divers-justice","17":"tag-fr","18":"tag-france","19":"tag-grenoble","20":"tag-isere","21":"tag-metropole-de-grenoble","22":"tag-news","23":"tag-republique-francaise"},"share_on_mastodon":{"url":"https:\/\/pubeurope.com\/@fr\/115710402451324458","error":""},"_links":{"self":[{"href":"https:\/\/www.europesays.com\/fr\/wp-json\/wp\/v2\/posts\/596213","targetHints":{"allow":["GET"]}}],"collection":[{"href":"https:\/\/www.europesays.com\/fr\/wp-json\/wp\/v2\/posts"}],"about":[{"href":"https:\/\/www.europesays.com\/fr\/wp-json\/wp\/v2\/types\/post"}],"author":[{"embeddable":true,"href":"https:\/\/www.europesays.com\/fr\/wp-json\/wp\/v2\/users\/2"}],"replies":[{"embeddable":true,"href":"https:\/\/www.europesays.com\/fr\/wp-json\/wp\/v2\/comments?post=596213"}],"version-history":[{"count":0,"href":"https:\/\/www.europesays.com\/fr\/wp-json\/wp\/v2\/posts\/596213\/revisions"}],"wp:featuredmedia":[{"embeddable":true,"href":"https:\/\/www.europesays.com\/fr\/wp-json\/wp\/v2\/media\/596214"}],"wp:attachment":[{"href":"https:\/\/www.europesays.com\/fr\/wp-json\/wp\/v2\/media?parent=596213"}],"wp:term":[{"taxonomy":"category","embeddable":true,"href":"https:\/\/www.europesays.com\/fr\/wp-json\/wp\/v2\/categories?post=596213"},{"taxonomy":"post_tag","embeddable":true,"href":"https:\/\/www.europesays.com\/fr\/wp-json\/wp\/v2\/tags?post=596213"}],"curies":[{"name":"wp","href":"https:\/\/api.w.org\/{rel}","templated":true}]}}