{"id":596217,"date":"2025-12-13T04:38:32","date_gmt":"2025-12-13T04:38:32","guid":{"rendered":"https:\/\/www.europesays.com\/fr\/596217\/"},"modified":"2025-12-13T04:38:32","modified_gmt":"2025-12-13T04:38:32","slug":"meteo-entre-brouillards-et-eclaircies-quelles-sont-les-previsions-pour-ce-week-end-2","status":"publish","type":"post","link":"https:\/\/www.europesays.com\/fr\/596217\/","title":{"rendered":"M\u00e9t\u00e9o. Entre brouillards et \u00e9claircies, quelles sont les pr\u00e9visions pour ce week-end\u00a0?"},"content":{"rendered":"<p>Apr\u00e8s une semaine relativement douce, rythm\u00e9e localement par quelques pr\u00e9cipitations, le temps s\u2019annonce calme pour ce week-end du 13 et 14\u00a0d\u00e9cembre 2025. Malgr\u00e9 un peu de grisaille et du brouillard annonc\u00e9 samedi, le soleil devrait largement dominer pour la journ\u00e9e de dimanche. On fait le point sur les pr\u00e9visions m\u00e9t\u00e9orologiques.<\/p>\n<p><strong>Lire aussi\u00a0:<\/strong> <a href=\"https:\/\/www.ouest-france.fr\/leditiondusoir\/2025-06-06\/vous-avez-l-impression-d-un-temps-pourri-le-week-end-on-a-verifie-s-il-pleut-plus-qu-en-semaine-16d3d331-70c5-40da-a533-fbd691342287\" target=\"_self\" rel=\"noopener\">Vous avez l\u2019impression d\u2019un \u00ab\u00a0temps pourri\u00a0\u00bb le week-end\u00a0? On a v\u00e9rifi\u00e9 s\u2019il pleut plus qu\u2019en semaine<\/a><\/p>\n<p>Du brouillard et un peu de grisaille sur une partie de la France samedi<\/p>\n<p>Si le ciel est bien couvert ce vendredi 12\u00a0d\u00e9cembre sur le quart nord-ouest de la France, la situation devrait globalement s\u2019am\u00e9liorer samedi. <a href=\"https:\/\/meteofrance.com\/\" target=\"_self\" rel=\"noopener\">M\u00e9t\u00e9o France<\/a> pr\u00e9voit un ciel d\u00e9gag\u00e9 avec un temps ensoleill\u00e9 en Bretagne, sur la pointe du Cotentin, ainsi qu\u2019\u00e0 Lille (Nord) et dans le sud du pays. Un brouillard dense est n\u00e9anmoins attendu dans l\u2019Est et le centre. Dans l\u2019apr\u00e8s-midi, il devrait laisser place \u00e0 un ciel couvert sur ces r\u00e9gions. Ailleurs sur le territoire, du soleil est attendu pour l\u2019apr\u00e8s-midi, donnant parfois une ambiance <strong>\u00ab\u00a0quasi-printani\u00e8re\u00a0\u00bb,<\/strong> pr\u00e9cise M\u00e9t\u00e9o France.<\/p>\n<p>Les temp\u00e9ratures annonc\u00e9es restent en effet au-dessus des moyennes saisonni\u00e8res. En matin\u00e9e, il fera notamment 10\u00a0\u00b0C \u00e0 Rennes (Ille-et-Vilaine), Paris, Lille (Nord) et Cherbourg (Manche)\u00a0; 5\u00a0\u00b0C \u00e0 Metz (Moselle), Strasbourg (Bas-Rhin) et Vichy (Allier)\u00a0; ou encore 8\u00a0\u00b0C \u00e0 Brest (Finist\u00e8re), Rouen (Seine-Maritime) et Bordeaux (Gironde).<\/p>\n<p>Le mercure va monter quelque peu dans l\u2019apr\u00e8s-midi, notamment dans le sud du pays, puisque 15\u00a0\u00b0C sont pr\u00e9vus \u00e0 Nice (Alpes-Maritimes) et Marseille (Bouches-du-Rh\u00f4ne), ainsi qu\u2019\u00e0 Ajaccio (Corse-du-Sud).<\/p>\n<p><img decoding=\"async\" src=\"https:\/\/www.europesays.com\/fr\/wp-content\/uploads\/2025\/12\/1765600712_412_animlrw2.gif\" border=\"0\"\/><\/p>\n<p>Un temps calme et sec pr\u00e9vu dimanche<\/p>\n<p>Pas de changement majeur attendu pour la journ\u00e9e de dimanche. Le brouillard matinal devrait se d\u00e9caler vers l\u2019ouest et concerner cette fois-ci le Centre-Val-de-Loire, ainsi qu\u2019une partie de la Bretagne et de la Normandie. Le soleil prendra le relais d\u00e8s la mi-journ\u00e9e avec un temps cl\u00e9ment pr\u00e9vu sur une large partie du pays. Seules la Normandie et la r\u00e9gion parisienne devraient conna\u00eetre quelques \u00e9pisodes nuageux.<\/p>\n<p>M\u00e9t\u00e9o France souligne d\u2019ailleurs que, du fait de cette extr\u00eame douceur, l\u2019enneigement en montagne est <strong>\u00ab\u00a0presque partout d\u00e9ficitaire\u00a0\u00bb<\/strong>.<\/p>\n<p>Le mercure devrait rester stable par rapport \u00e0 samedi, avec 6\u00a0\u00b0C annonc\u00e9s \u00e0 Bourges (Cher), Gap (Hautes-Alpes) et Chalon-sur-Sa\u00f4ne (Sa\u00f4ne-et-Loire)\u00a0; 7\u00a0\u00b0C pr\u00e9vus \u00e0 La Rochelle (Charente-Maritime), Alen\u00e7on (Orne) et Auxerre (Yonne)\u00a0; ou encore 12\u00a0\u00b0C \u00e0 Marseille (Bouches-du-Rh\u00f4ne) et Nice (Alpes-Maritimes).<\/p>\n<p>Dans l\u2019apr\u00e8s-midi, le thermom\u00e8tre atteindra encore une fois les 15\u00a0\u00b0C dans le sud-est de la France, tandis qu\u2019il fera 10\u00a0\u00b0C \u00e0 Limoges (Haute-Vienne), ou encore 8\u00a0\u00b0C \u00e0 Reims (Marne) et \u00e0 Tours (Indre-et-Loire).<\/p>\n<p><strong>Lire aussi\u00a0: <\/strong> <a href=\"https:\/\/rennes.maville.com\/actu\/actudet_-vagues-de-chaleur-nuits-chaudes...-de-l-accord-de-paris-a-2050-comment-les-temperatures-pourraient-s-emballer-en-france-_54135-7103492_actu.Htm\" target=\"_self\" rel=\"noopener\">Vagues de chaleur, nuits chaudes\u2026 De l\u2019accord de Paris \u00e0 2050, comment les temp\u00e9ratures pourraient s\u2019emballer en France<\/a><\/p>\n<p>La situation pourrait se d\u00e9grader \u00e0 compter de lundi dans le sud du pays avec l\u2019arriv\u00e9e d\u2019un \u00e9pisode m\u00e9diterran\u00e9en sur les C\u00e9vennes, occasionnant d\u2019importantes pr\u00e9cipitations.<\/p>\n<p>\u00a0<\/p>\n","protected":false},"excerpt":{"rendered":"Apr\u00e8s une semaine relativement douce, rythm\u00e9e localement par quelques pr\u00e9cipitations, le temps s\u2019annonce calme pour ce week-end du&hellip;\n","protected":false},"author":2,"featured_media":595887,"comment_status":"","ping_status":"","sticky":false,"template":"","format":"standard","meta":{"footnotes":""},"categories":[2821],"tags":[1111,11,829,70854,24159,1777,674,1011,27,2487,12,7917,584,25,4064],"class_list":{"0":"post-596217","1":"post","2":"type-post","3":"status-publish","4":"format-standard","5":"has-post-thumbnail","7":"category-rennes","8":"tag-actu","9":"tag-actualites","10":"tag-bretagne","11":"tag-brouillards","12":"tag-eclaircies","13":"tag-eu","14":"tag-europe","15":"tag-fr","16":"tag-france","17":"tag-meteo","18":"tag-news","19":"tag-previsions","20":"tag-rennes","21":"tag-republique-francaise","22":"tag-week-end"},"share_on_mastodon":{"url":"https:\/\/pubeurope.com\/@fr\/115710415276687229","error":""},"_links":{"self":[{"href":"https:\/\/www.europesays.com\/fr\/wp-json\/wp\/v2\/posts\/596217","targetHints":{"allow":["GET"]}}],"collection":[{"href":"https:\/\/www.europesays.com\/fr\/wp-json\/wp\/v2\/posts"}],"about":[{"href":"https:\/\/www.europesays.com\/fr\/wp-json\/wp\/v2\/types\/post"}],"author":[{"embeddable":true,"href":"https:\/\/www.europesays.com\/fr\/wp-json\/wp\/v2\/users\/2"}],"replies":[{"embeddable":true,"href":"https:\/\/www.europesays.com\/fr\/wp-json\/wp\/v2\/comments?post=596217"}],"version-history":[{"count":0,"href":"https:\/\/www.europesays.com\/fr\/wp-json\/wp\/v2\/posts\/596217\/revisions"}],"wp:featuredmedia":[{"embeddable":true,"href":"https:\/\/www.europesays.com\/fr\/wp-json\/wp\/v2\/media\/595887"}],"wp:attachment":[{"href":"https:\/\/www.europesays.com\/fr\/wp-json\/wp\/v2\/media?parent=596217"}],"wp:term":[{"taxonomy":"category","embeddable":true,"href":"https:\/\/www.europesays.com\/fr\/wp-json\/wp\/v2\/categories?post=596217"},{"taxonomy":"post_tag","embeddable":true,"href":"https:\/\/www.europesays.com\/fr\/wp-json\/wp\/v2\/tags?post=596217"}],"curies":[{"name":"wp","href":"https:\/\/api.w.org\/{rel}","templated":true}]}}