{"id":596230,"date":"2025-12-13T04:45:45","date_gmt":"2025-12-13T04:45:45","guid":{"rendered":"https:\/\/www.europesays.com\/fr\/596230\/"},"modified":"2025-12-13T04:45:45","modified_gmt":"2025-12-13T04:45:45","slug":"poitiers-encore-trop-juste-a-nantes","status":"publish","type":"post","link":"https:\/\/www.europesays.com\/fr\/596230\/","title":{"rendered":"Poitiers encore trop juste \u00e0 Nantes"},"content":{"rendered":"<p><strong>Nantes\u00a0&#8211; Poitiers\u00a0: 81-76<\/strong><\/p>\n<p>Deux \u00e9quipes sorties meurtries de leurs derniers d\u00e9placements\u2026 Mais pas sur les m\u00eames sc\u00e9narios. Si les Nantais avaient pass\u00e9 un sale quart d\u2019heure \u00e0 Roanne leur laissant une sacr\u00e9e addition finale (101-77), le PB 86 \u00e9tait pass\u00e9 tout pr\u00e8s \u00e0 Blois (95-90).<\/p>\n<p>L&rsquo;int\u00e9rieur de l\u2019Hermine, David Gassaud, esp\u00e9rait apr\u00e8s la d\u00e9faite des siens rapidement rectifier le tir par une nouvelle victoire \u00e0 domicile qui permettrait d\u2019entretenir la belle dynamique de sa troupe. Apr\u00e8s un lancement compliqu\u00e9, le NBH a en effet sign\u00e9 ces derni\u00e8res semaines un 3\/3 de haut vol \u00e0 la Trocardi\u00e8re avec en joker de Kyle Riddley, l\u2019ex Poitevin Bubu Palo, auquel succ\u00e8de depuis cette semaine Ross.<\/p>\n<p>Un turn-over perturbant\u00a0? Pas tant que cela au regard de la production locale dans un premier quart bien ma\u00eetris\u00e9 et conforme aux attentes\u00a0: faire simple, concentr\u00e9, avec de l\u2019intensit\u00e9 (4-5 5e, 14-8 7e). Apr\u00e8s avoir dig\u00e9r\u00e9 la force de frappe du longiligne Ivan Ramljak, la vista de Lucas Bourhis aux manettes permettait \u00e0 Nantes de se mettre en confiance.<\/p>\n<p>Le PB revient \u00e0 deux points avant de se faire distancer<\/p>\n<p>De quoi faire sortir un peu plus les crocs de Poitiers (21-21, 12e), qui exploitait impeccablement un \u00e9v\u00e9nement dans le camp nantais perturbant l\u00e9gitimement les hommes de R\u00e9my Valin. Mathys Kangudia, l\u2019un des joueurs en tr\u00e8s grande forme des locaux, se voyait expuls\u00e9 \u00e0 la 13e&#8230;. <\/p>\n<p>    Cet article a \u00e9t\u00e9 tronqu\u00e9. Abonnez-vous pour lire l&rsquo;article complet sur notre site.<\/p>\n<p style=\"margin: 0 !important; padding: 0 !important; font-size: 12px !important;\">Cet article a \u00e9t\u00e9 tronqu\u00e9. Abonnez-vous pour lire l&rsquo;article complet.<\/p>\n<p>    <a href=\"https:\/\/www.lanouvellerepublique.fr\/abonnements\" style=\"display: inline-block; margin-top: 5px !important; padding: 6px 12px !important; background: #cb1c27; color: white; text-decoration: none; border-radius: 4px; font-size: 12px !important;\" target=\"_blank\" rel=\"noopener\"><br \/>\n      S&rsquo;abonner<br \/>\n    <\/a><\/p>\n","protected":false},"excerpt":{"rendered":"Nantes\u00a0&#8211; Poitiers\u00a0: 81-76 Deux \u00e9quipes sorties meurtries de leurs derniers d\u00e9placements\u2026 Mais pas sur les m\u00eames sc\u00e9narios. Si&hellip;\n","protected":false},"author":2,"featured_media":596231,"comment_status":"","ping_status":"","sticky":false,"template":"","format":"standard","meta":{"footnotes":""},"categories":[2818],"tags":[1392,1111,11,1465,7944,1777,674,1011,27,766,12,2636,1653,13224,25,60,1584],"class_list":{"0":"post-596230","1":"post","2":"type-post","3":"status-publish","4":"format-standard","5":"has-post-thumbnail","7":"category-nantes","8":"tag-a-la-une-local","9":"tag-actu","10":"tag-actualites","11":"tag-basket","12":"tag-elite-2","13":"tag-eu","14":"tag-europe","15":"tag-fr","16":"tag-france","17":"tag-nantes","18":"tag-news","19":"tag-pays-de-la-loire","20":"tag-poitiers","21":"tag-poitiers-basket-86","22":"tag-republique-francaise","23":"tag-sports","24":"tag-vienne"},"share_on_mastodon":{"url":"https:\/\/pubeurope.com\/@fr\/115710441783142821","error":""},"_links":{"self":[{"href":"https:\/\/www.europesays.com\/fr\/wp-json\/wp\/v2\/posts\/596230","targetHints":{"allow":["GET"]}}],"collection":[{"href":"https:\/\/www.europesays.com\/fr\/wp-json\/wp\/v2\/posts"}],"about":[{"href":"https:\/\/www.europesays.com\/fr\/wp-json\/wp\/v2\/types\/post"}],"author":[{"embeddable":true,"href":"https:\/\/www.europesays.com\/fr\/wp-json\/wp\/v2\/users\/2"}],"replies":[{"embeddable":true,"href":"https:\/\/www.europesays.com\/fr\/wp-json\/wp\/v2\/comments?post=596230"}],"version-history":[{"count":0,"href":"https:\/\/www.europesays.com\/fr\/wp-json\/wp\/v2\/posts\/596230\/revisions"}],"wp:featuredmedia":[{"embeddable":true,"href":"https:\/\/www.europesays.com\/fr\/wp-json\/wp\/v2\/media\/596231"}],"wp:attachment":[{"href":"https:\/\/www.europesays.com\/fr\/wp-json\/wp\/v2\/media?parent=596230"}],"wp:term":[{"taxonomy":"category","embeddable":true,"href":"https:\/\/www.europesays.com\/fr\/wp-json\/wp\/v2\/categories?post=596230"},{"taxonomy":"post_tag","embeddable":true,"href":"https:\/\/www.europesays.com\/fr\/wp-json\/wp\/v2\/tags?post=596230"}],"curies":[{"name":"wp","href":"https:\/\/api.w.org\/{rel}","templated":true}]}}