{"id":596250,"date":"2025-12-13T05:03:24","date_gmt":"2025-12-13T05:03:24","guid":{"rendered":"https:\/\/www.europesays.com\/fr\/596250\/"},"modified":"2025-12-13T05:03:24","modified_gmt":"2025-12-13T05:03:24","slug":"comment-le-centre-commercial-westfield-part-dieu-se-transforme","status":"publish","type":"post","link":"https:\/\/www.europesays.com\/fr\/596250\/","title":{"rendered":"comment le centre commercial Westfield Part-Dieu se transforme"},"content":{"rendered":"<blockquote class=\"question\"><p>Le centre commercial de <a href=\"https:\/\/www.leprogres.fr\/p\/part-dieu-lyon\" target=\"_blank\" rel=\"noopener\">la Part-Dieu<\/a> f\u00eate ses 50 ans. L\u2019\u00e9volution des habitudes de consommation a \u00e9t\u00e9 significative. Quelle a \u00e9t\u00e9 la mutation la plus importante op\u00e9r\u00e9e au sein de votre centre commercial\u00a0?<\/p><\/blockquote>\n<p>\u00ab L\u2019un des changements les plus notables est sans doute le virage que nous avons op\u00e9r\u00e9 en 2020-2021 avec l\u2019extension et la r\u00e9novation du centre. Nous avons r\u00e9pondu aux attentes des clients qui nous demandaient beaucoup d\u2019enseignes de loisirs en compl\u00e9ment et qui souhaitaient une offre un peu diff\u00e9rente. On a cr\u00e9\u00e9 Les Tables avec 30 restaurants qui ont un \u00e9norme succ\u00e8s. Elles sont devenues aujourd\u2019hui un lieu phare de la restauration lyonnaise. A la sortie du Covid, les gens ont aspir\u00e9 \u00e0 davantage de loisirs, retourner au cin\u00e9ma\u2026 Donc on a cr\u00e9\u00e9 le cin\u00e9ma UGC (aujourd\u2019hui le premier cin\u00e9ma de la r\u00e9gion), puis un mur d\u2019escalade, une salle de jeux d\u2019arcade, la T\u00eate dans les nuages, une salle de fitness\u2026<\/p>\n<p>Nous nous sommes \u00e9galement tourn\u00e9s vers l\u2019\u00e9conomie solidaire et notamment la seconde&#8230;<\/p>\n","protected":false},"excerpt":{"rendered":"Le centre commercial de la Part-Dieu f\u00eate ses 50 ans. L\u2019\u00e9volution des habitudes de consommation a \u00e9t\u00e9 significative.&hellip;\n","protected":false},"author":2,"featured_media":596251,"comment_status":"","ping_status":"","sticky":false,"template":"","format":"standard","meta":{"footnotes":""},"categories":[1889],"tags":[1111,11,2430,130,33,2757,1777,674,107,1011,27,2428,2756,12,25,2429,4604],"class_list":{"0":"post-596250","1":"post","2":"type-post","3":"status-publish","4":"format-standard","5":"has-post-thumbnail","7":"category-lyon","8":"tag-actu","9":"tag-actualites","10":"tag-auvergne-rhone-alpes","11":"tag-consommation","12":"tag-economie","13":"tag-edition-lyon-villeurbanne","14":"tag-eu","15":"tag-europe","16":"tag-fil-info","17":"tag-fr","18":"tag-france","19":"tag-lyon","20":"tag-lyon-bassin","21":"tag-news","22":"tag-republique-francaise","23":"tag-rhone","24":"tag-selection-abonne"},"share_on_mastodon":{"url":"https:\/\/pubeurope.com\/@fr\/115710512521425291","error":""},"_links":{"self":[{"href":"https:\/\/www.europesays.com\/fr\/wp-json\/wp\/v2\/posts\/596250","targetHints":{"allow":["GET"]}}],"collection":[{"href":"https:\/\/www.europesays.com\/fr\/wp-json\/wp\/v2\/posts"}],"about":[{"href":"https:\/\/www.europesays.com\/fr\/wp-json\/wp\/v2\/types\/post"}],"author":[{"embeddable":true,"href":"https:\/\/www.europesays.com\/fr\/wp-json\/wp\/v2\/users\/2"}],"replies":[{"embeddable":true,"href":"https:\/\/www.europesays.com\/fr\/wp-json\/wp\/v2\/comments?post=596250"}],"version-history":[{"count":0,"href":"https:\/\/www.europesays.com\/fr\/wp-json\/wp\/v2\/posts\/596250\/revisions"}],"wp:featuredmedia":[{"embeddable":true,"href":"https:\/\/www.europesays.com\/fr\/wp-json\/wp\/v2\/media\/596251"}],"wp:attachment":[{"href":"https:\/\/www.europesays.com\/fr\/wp-json\/wp\/v2\/media?parent=596250"}],"wp:term":[{"taxonomy":"category","embeddable":true,"href":"https:\/\/www.europesays.com\/fr\/wp-json\/wp\/v2\/categories?post=596250"},{"taxonomy":"post_tag","embeddable":true,"href":"https:\/\/www.europesays.com\/fr\/wp-json\/wp\/v2\/tags?post=596250"}],"curies":[{"name":"wp","href":"https:\/\/api.w.org\/{rel}","templated":true}]}}