{"id":59626,"date":"2025-04-28T16:04:10","date_gmt":"2025-04-28T16:04:10","guid":{"rendered":"https:\/\/www.europesays.com\/fr\/59626\/"},"modified":"2025-04-28T16:04:10","modified_gmt":"2025-04-28T16:04:10","slug":"quelles-sont-les-agences-de-letat-que-le-gouvernement-veut-supprimer","status":"publish","type":"post","link":"https:\/\/www.europesays.com\/fr\/59626\/","title":{"rendered":"Quelles sont les agences de l\u2019\u00c9tat que le gouvernement veut supprimer"},"content":{"rendered":"<p>Le gouvernement veut faire \u00ab\u202fdu m\u00e9nage\u202f\u00bb dans ses locaux&#8230; et dans ses effectifs. En qu\u00eate d&rsquo;\u00e9conomies pour r\u00e9duire le d\u00e9ficit public, la ministre charg\u00e9e des Comptes publics, Am\u00e9lie de\u00a0Montchalin, a annonc\u00e9 dimanche que \u00ab\u202fd&rsquo;ici la fin de l&rsquo;ann\u00e9e\u202f\u00bb, \u00ab\u202fun tiers des agences et des op\u00e9rateurs\u202f\u00bb de l&rsquo;\u00c9tat allaient \u00eatre \u00ab\u202ffusionn\u00e9s ou supprim\u00e9s\u202f\u00bb.<\/p>\n<p>Dans le projet de loi de finances pour 2025 \u00e9taient inscrits 434 op\u00e9rateurs de l&rsquo;\u00c9tat, b\u00e9n\u00e9ficiant de 77 milliards d&rsquo;euros de financements publics et 180 000 personnes employ\u00e9es. Avec cette restructuration, l&rsquo;\u00c9tat pourrait engendrer \u00ab\u202f2 \u00e0 3 milliards d&rsquo;euros d&rsquo;\u00e9conomies\u202f\u00bb selon la ministre qui a pr\u00e9cis\u00e9 ne pas vouloir faire de \u00ab\u202fcasse sociale\u202f\u00bb.<\/p>\n<p>Mais alors, quelles agences pourraient dispara\u00eetre\u202f? Une chose est s\u00fbre, l&rsquo;ex\u00e9cutif a affirm\u00e9 ne pas vouloir toucher aux universit\u00e9s. Pour le reste, le flou demeure et plusieurs op\u00e9rateurs travaillant sur des domaines communs sont menac\u00e9s.<\/p>\n<p>Les agences de la protection de l&rsquo;environnement dans le viseur<\/p>\n<p>Parmi eux, on peut retrouver les agences consacr\u00e9es \u00e0 la recherche scientifique qui regroupent le Centre national de la recherche scientifique (CNRS), l&rsquo;Institut national de la sant\u00e9 et de la recherche m\u00e9dicale (l&rsquo;Inserm), l&rsquo;Institut national de recherche pour l&rsquo;agriculture, l&rsquo;alimentation et l&rsquo;environnement (INRAE) et l&rsquo;Agence nationale de la recherche (ANR). \u00c0 elles quatre, ces agences regroupent d\u00e9j\u00e0 plus de 50 000 emplois.<\/p>\n<p>Le deuxi\u00e8me secteur concentrant le plus d&rsquo;op\u00e9rateurs de l&rsquo;\u00c9tat est celui de la transition \u00e9cologique. Parmi les plus connus, on peut noter l&rsquo;Agence de la transition \u00e9cologique (Ademe) qui emploie 1 400 personnes, l&rsquo;Office national des for\u00eats (ONF) qui emploie 8 000 personnes ou l&rsquo;Agence nationale de s\u00e9curit\u00e9 sanitaire de l&rsquo;alimentation, de l&rsquo;environnement et du travail (Anses) qui emploie 1 000 personnes.<\/p>\n<p>\u00c0 noter qu&rsquo;au sein de cette liste d&rsquo;agences et d&rsquo;op\u00e9rateurs, plusieurs agences \u00e9taient dans le collimateur du gouvernement et de la droite en d\u00e9but d&rsquo;ann\u00e9e, notamment l&rsquo;Agence bio, menac\u00e9e un temps de disparition apr\u00e8s le vote mi-janvier au S\u00e9nat d&rsquo;un amendement auquel la ministre de l&rsquo;Agriculture, Annie Genevard, ne s&rsquo;\u00e9tait pas oppos\u00e9e. L&rsquo;Agence pour la transition \u00e9cologique (Ademe), l&rsquo;Office fran\u00e7ais de biodiversit\u00e9 (OFB) avaient \u00e9t\u00e9 \u00e9galement vis\u00e9s par des amendements demandant leur suppression.<\/p>\n<p>Dans un autre domaine de comp\u00e9tence, la Commission nationale du d\u00e9bat public (CNDP) est aussi sur la sellette puisque l&rsquo;amendement visait aussi la suppression de cet organisme. Reste \u00e0 voir si le gouvernement suivra les propositions des s\u00e9nateurs o\u00f9 pointera d&rsquo;autres organismes parmi la multitude de petites agences que contient l&rsquo;\u00c9tat.<\/p>\n","protected":false},"excerpt":{"rendered":"Le gouvernement veut faire \u00ab\u202fdu m\u00e9nage\u202f\u00bb dans ses locaux&#8230; et dans ses effectifs. En qu\u00eate d&rsquo;\u00e9conomies pour r\u00e9duire&hellip;\n","protected":false},"author":2,"featured_media":59627,"comment_status":"","ping_status":"","sticky":false,"template":"","format":"standard","meta":{"footnotes":""},"categories":[4],"tags":[17,11,15634,33,1011,27,418,8880,151,12,746,4022,25,3333],"class_list":{"0":"post-59626","1":"post","2":"type-post","3":"status-publish","4":"format-standard","5":"has-post-thumbnail","7":"category-france","8":"tag-17","9":"tag-actualites","10":"tag-agences","11":"tag-economie","12":"tag-fr","13":"tag-france","14":"tag-gouvernement","15":"tag-letat","16":"tag-les","17":"tag-news","18":"tag-que","19":"tag-quelles","20":"tag-republique-francaise","21":"tag-sont"},"share_on_mastodon":{"url":"https:\/\/pubeurope.com\/@fr\/114416442832358171","error":""},"_links":{"self":[{"href":"https:\/\/www.europesays.com\/fr\/wp-json\/wp\/v2\/posts\/59626","targetHints":{"allow":["GET"]}}],"collection":[{"href":"https:\/\/www.europesays.com\/fr\/wp-json\/wp\/v2\/posts"}],"about":[{"href":"https:\/\/www.europesays.com\/fr\/wp-json\/wp\/v2\/types\/post"}],"author":[{"embeddable":true,"href":"https:\/\/www.europesays.com\/fr\/wp-json\/wp\/v2\/users\/2"}],"replies":[{"embeddable":true,"href":"https:\/\/www.europesays.com\/fr\/wp-json\/wp\/v2\/comments?post=59626"}],"version-history":[{"count":0,"href":"https:\/\/www.europesays.com\/fr\/wp-json\/wp\/v2\/posts\/59626\/revisions"}],"wp:featuredmedia":[{"embeddable":true,"href":"https:\/\/www.europesays.com\/fr\/wp-json\/wp\/v2\/media\/59627"}],"wp:attachment":[{"href":"https:\/\/www.europesays.com\/fr\/wp-json\/wp\/v2\/media?parent=59626"}],"wp:term":[{"taxonomy":"category","embeddable":true,"href":"https:\/\/www.europesays.com\/fr\/wp-json\/wp\/v2\/categories?post=59626"},{"taxonomy":"post_tag","embeddable":true,"href":"https:\/\/www.europesays.com\/fr\/wp-json\/wp\/v2\/tags?post=59626"}],"curies":[{"name":"wp","href":"https:\/\/api.w.org\/{rel}","templated":true}]}}