{"id":596312,"date":"2025-12-13T06:02:28","date_gmt":"2025-12-13T06:02:28","guid":{"rendered":"https:\/\/www.europesays.com\/fr\/596312\/"},"modified":"2025-12-13T06:02:28","modified_gmt":"2025-12-13T06:02:28","slug":"la-marque-ikks-trouve-un-repreneur-mais-500-emplois-seront-supprimes","status":"publish","type":"post","link":"https:\/\/www.europesays.com\/fr\/596312\/","title":{"rendered":"La marque IKKS trouve un repreneur, mais 500 emplois seront supprim\u00e9s"},"content":{"rendered":"<p>C\u2019est un \u00e9ni\u00e8me symbole de la crise du <a href=\"https:\/\/www.20minutes.fr\/dossier\/pret_a_porter\" class=\"c-link c-link--is-underlined\" target=\"_blank\" rel=\"noopener\">pr\u00eat-\u00e0-porte<\/a>r fran\u00e7ais. Le groupe IKKS a trouv\u00e9 un repreneur, mais voit ses effectifs r\u00e9duits de moiti\u00e9, avec la perte d\u2019environ 500 emplois, selon une d\u00e9cision vendredi du tribunal des activit\u00e9s \u00e9conomiques de Paris. L\u2019offre de Santiago Cucci, actuel pr\u00e9sident de la holding HoldIKKS, et Micha\u00ebl Benabou, cofondateur de Veepee (ex-Vente priv\u00e9e), valid\u00e9e par le tribunal, permet le maintien de 546 emplois sur les 1.094 en France et de 119 points de vente, selon un jugement consult\u00e9 par l\u2019AFP.<\/p>\n<\/p>\n<p>La \u00ab\u00a0meilleure\u00a0\u00bb offre<\/p>\n<p>C\u2019est un \u00ab\u00a0coup sur l\u2019emploi terrible\u00a0\u00bb, mais le choix de la \u00ab\u00a0meilleure\u00a0\u00bb offre parmi celles d\u00e9pos\u00e9es, selon S\u00e9bastien Herv\u00e9, secr\u00e9taire g\u00e9n\u00e9ral du syndicat CFDT dans le <a href=\"https:\/\/www.20minutes.fr\/dossier\/maine-et-loire\" class=\"c-link c-link--is-underlined\" target=\"_blank\" rel=\"noopener\">Maine-et-Loire<\/a>, o\u00f9 se trouve le si\u00e8ge d\u2019IKKS, marque haut de gamme pour femmes, hommes et enfants fond\u00e9e en\u00a01987. Le prix de cession est de 700.000 euros et les repreneurs s\u2019engagent \u00e0 un apport \u00e0 court terme de 16\u00a0millions d\u2019euros. S\u2019y ajoutent 700.000 euros d\u2019abondement au plan de sauvegarde de l\u2019emploi pour les salari\u00e9s non repris, pour notamment des aides \u00e0 la cr\u00e9ation d\u2019entreprises ou \u00e0 la mobilit\u00e9.<\/p>\n<p>\u00ab\u00a0C\u2019est un v\u00e9ritable deuil pour celles et ceux qui voient brutalement s\u2019arr\u00eater l\u2019aventure IKKS\u00a0\u00bb, \u00e9crit la <a href=\"https:\/\/www.20minutes.fr\/dossier\/cfdt\" class=\"c-link c-link--is-underlined\" target=\"_blank\" rel=\"noopener\">CFDT<\/a> dans un communiqu\u00e9. \u00ab\u00a0Pour les salari\u00e9s repris, l\u2019incertitude reste immense.\u00a0\u00bb Plomb\u00e9 par la concurrence de la seconde main et de la mode ultra-\u00e9ph\u00e9m\u00e8re venue d\u2019<a href=\"https:\/\/www.20minutes.fr\/dossier\/asie\" class=\"c-link c-link--is-underlined\" target=\"_blank\" rel=\"noopener\">Asie<\/a>, l\u2019habillement <a href=\"https:\/\/www.20minutes.fr\/dossier\/francais\" class=\"c-link c-link--is-underlined\" target=\"_blank\" rel=\"noopener\">fran\u00e7ais<\/a> peine \u00e0 subsister et, dans ce contexte, l\u2019existence d\u2019une offre de reprise s\u00e9rieuse \u00e9tait d\u00e9j\u00e0 un soulagement face au risque de liquidation judiciaire, funeste couperet tomb\u00e9 sur le groupe d\u2019\u00e9lectrom\u00e9nager Brandt jeudi.<\/p>\n<p>\u00ab\u00a0Cette offre a le m\u00e9rite d\u2019exister et de maintenir plusieurs centaines d\u2019emplois\u00a0\u00bb, indique \u00e0 l\u2019<a href=\"https:\/\/www.20minutes.fr\/dossier\/afp\" class=\"c-link c-link--is-underlined\" target=\"_blank\" rel=\"noopener\">AFP<\/a> H\u00e9l\u00e8ne Signoret, avocate du Comit\u00e9 social et \u00e9conomique (CSE) repr\u00e9sentant des salari\u00e9s, qui a rendu un avis favorable devant le tribunal. \u00ab\u00a0\u00c9videmment, ce n\u2019est pas une offre parfaite, elle va s\u2019accompagner de beaucoup de licenciements, notamment sur le si\u00e8ge de Saint-Macaire-en-Auge et de beaucoup de fermetures de boutiques\u00a0\u00bb, regrette-t-elle.<\/p>\n<p>Elle s\u2019inqui\u00e8te en particulier du sort des salari\u00e9s du si\u00e8ge, o\u00f9 un poste sur trois seulement serait maintenu, une restructuration pouvant d\u00e9boucher sur des \u00ab\u00a0difficult\u00e9s op\u00e9rationnelles\u00a0\u00bb. Dans les magasins repris, pas de r\u00e9duction d\u2019effectifs\u00a0: soit un magasin est repris avec tous ses salari\u00e9s, soit il est ferm\u00e9.<\/p>\n<p>Des magasins ferment d\u00e9j\u00e0<\/p>\n<p>Avec l\u2019offre accept\u00e9e, 92 magasins en propre sont repris, repr\u00e9sentant 341 emplois. S\u2019y ajoutent 27 corners aux <a href=\"https:\/\/www.20minutes.fr\/dossier\/galeries_lafayette\" class=\"c-link c-link--is-underlined\" target=\"_blank\" rel=\"noopener\">Galeries Lafayette<\/a> (44 emplois) et 161 emplois au si\u00e8ge. Par ailleurs, 100 points de vente d\u2019affili\u00e9s sont repris, soit 300 emplois indirects. Avant m\u00eame la d\u00e9cision, \u00ab\u00a0le plan a commenc\u00e9 \u00e0 \u00eatre mis en \u0153uvre par la direction\u00a0\u00bb, explique S\u00e9bastien Herv\u00e9, \u00ab\u00a0des magasins ont commenc\u00e9 \u00e0 \u00eatre ferm\u00e9s\u00a0\u00bb, des d\u00e9stockages mis en place.<\/p>\n<p>L\u2019entreprise poss\u00e9dait fin ao\u00fbt 473 points de vente en France et dans 11 autres pays, et employait 1.287 salari\u00e9s dans le monde, dont 1.094 en France, selon les administrateurs judiciaires. Apr\u00e8s le placement en redressement judiciaire en octobre, dix offres de reprise, certaines tr\u00e8s partielles, ont initialement \u00e9t\u00e9 d\u00e9pos\u00e9es, mais seules trois ont \u00e9t\u00e9 maintenues et d\u00e9battues \u00e0 l\u2019audience au tribunal fin novembre.<\/p>\n<p>Les autres propositions \u00e9manaient de la marque Faguo, pour 15 magasins, et du groupe Beaumanoir (5 magasins). Le tribunal a retenu la seule offre s\u00e9rieuse aux yeux des salari\u00e9s. Le Basque Santiago Cucci a une bonne connaissance du groupe en tant qu\u2019actuel pr\u00e9sident de la holding HoldIKKS. Il a fait ses armes comme dirigeant chez Quiksilver, Tommy Hilfiger ou encore Dockers (groupe Levi\u2019s). \u00ab\u00a0Il a un vrai projet, il a manifest\u00e9 de fa\u00e7on tr\u00e8s claire son attachement \u00e0 la marque IKKS\u00a0\u00bb, souligne H\u00e9l\u00e8ne Signoret. \u00ab\u00a0Il a le soutien financier de la Financi\u00e8re Saint-James\u00a0\u00bb de Micha\u00ebl Benabou, une soci\u00e9t\u00e9 d\u2019investissement \u00ab\u00a0qui a une assise financi\u00e8re certaine\u00a0\u00bb.<\/p>\n","protected":false},"excerpt":{"rendered":"C\u2019est un \u00e9ni\u00e8me symbole de la crise du pr\u00eat-\u00e0-porter fran\u00e7ais. Le groupe IKKS a trouv\u00e9 un repreneur, mais&hellip;\n","protected":false},"author":2,"featured_media":596313,"comment_status":"","ping_status":"","sticky":false,"template":"","format":"standard","meta":{"footnotes":""},"categories":[2],"tags":[47,11,1270,33,1011,27,4238,13291,12,2636,1103,801],"class_list":{"0":"post-596312","1":"post","2":"type-post","3":"status-publish","4":"format-standard","5":"has-post-thumbnail","7":"category-actualites","8":"tag-actualite","9":"tag-actualites","10":"tag-cfdt","11":"tag-economie","12":"tag-fr","13":"tag-france","14":"tag-galeries-lafayette","15":"tag-maine-et-loire","16":"tag-news","17":"tag-pays-de-la-loire","18":"tag-pret-a-porter","19":"tag-social"},"share_on_mastodon":{"url":"https:\/\/pubeurope.com\/@fr\/115710744516317840","error":""},"_links":{"self":[{"href":"https:\/\/www.europesays.com\/fr\/wp-json\/wp\/v2\/posts\/596312","targetHints":{"allow":["GET"]}}],"collection":[{"href":"https:\/\/www.europesays.com\/fr\/wp-json\/wp\/v2\/posts"}],"about":[{"href":"https:\/\/www.europesays.com\/fr\/wp-json\/wp\/v2\/types\/post"}],"author":[{"embeddable":true,"href":"https:\/\/www.europesays.com\/fr\/wp-json\/wp\/v2\/users\/2"}],"replies":[{"embeddable":true,"href":"https:\/\/www.europesays.com\/fr\/wp-json\/wp\/v2\/comments?post=596312"}],"version-history":[{"count":0,"href":"https:\/\/www.europesays.com\/fr\/wp-json\/wp\/v2\/posts\/596312\/revisions"}],"wp:featuredmedia":[{"embeddable":true,"href":"https:\/\/www.europesays.com\/fr\/wp-json\/wp\/v2\/media\/596313"}],"wp:attachment":[{"href":"https:\/\/www.europesays.com\/fr\/wp-json\/wp\/v2\/media?parent=596312"}],"wp:term":[{"taxonomy":"category","embeddable":true,"href":"https:\/\/www.europesays.com\/fr\/wp-json\/wp\/v2\/categories?post=596312"},{"taxonomy":"post_tag","embeddable":true,"href":"https:\/\/www.europesays.com\/fr\/wp-json\/wp\/v2\/tags?post=596312"}],"curies":[{"name":"wp","href":"https:\/\/api.w.org\/{rel}","templated":true}]}}