{"id":596314,"date":"2025-12-13T06:04:14","date_gmt":"2025-12-13T06:04:14","guid":{"rendered":"https:\/\/www.europesays.com\/fr\/596314\/"},"modified":"2025-12-13T06:04:14","modified_gmt":"2025-12-13T06:04:14","slug":"plus-que-jamais-il-faut-que-lutte-ouvriere-soit-la","status":"publish","type":"post","link":"https:\/\/www.europesays.com\/fr\/596314\/","title":{"rendered":"\u00ab\u00a0Plus que jamais, il faut que Lutte ouvri\u00e8re soit l\u00e0\u00a0\u00bb"},"content":{"rendered":"<blockquote class=\"question\"><p>Pourquoi \u00eatre de nouveau candidat aux \u00e9lections municipales en mars\u00a02026\u00a0?<\/p><\/blockquote>\n<p>\u00ab\u00a0Parce que la situation ne s\u2019est pas am\u00e9lior\u00e9e. C\u2019est m\u00eame pire qu\u2019en 2020. La pr\u00e9carit\u00e9 est toujours plus importante, alors que les riches s\u2019enrichissent de plus en plus. On a rencontr\u00e9 des centaines d\u2019habitants en porte-\u00e0-porte ou sur le march\u00e9. Les gens ont de plus en plus de difficult\u00e9s \u00e0 vivre, y compris ceux qui travaillent. Dans les HLM, le poids du logement et des charges est de plus en plus important. Dans une ville comme Saint-Chamond qui est pauvre, c\u2019est un gros probl\u00e8me. Presque un quart des habitants sont au-dessous du seuil de pauvret\u00e9 et la moiti\u00e9 des foyers fiscaux sont trop pauvres pour payer l\u2019imp\u00f4t.<\/p>\n<p>\u00ab\u00a0Ce n\u2019est pas le voisin qui touche le RSA le responsable de la situation\u00a0\u00bb<\/p>\n<p>Plus que jamais, il faut que Lutte ouvri\u00e8re soit l\u00e0. On s\u2019oppose aussi aux r\u00e9actionnaires qui divisent les travailleurs. Pour aller dans le bon sens,&#8230;<\/p>\n","protected":false},"excerpt":{"rendered":"Pourquoi \u00eatre de nouveau candidat aux \u00e9lections municipales en mars\u00a02026\u00a0? \u00ab\u00a0Parce que la situation ne s\u2019est pas am\u00e9lior\u00e9e.&hellip;\n","protected":false},"author":2,"featured_media":596315,"comment_status":"","ping_status":"","sticky":false,"template":"","format":"standard","meta":{"footnotes":""},"categories":[9653],"tags":[1111,11,2430,7539,4188,1777,674,1011,27,12,316,25,9669,9670,4001],"class_list":{"0":"post-596314","1":"post","2":"type-post","3":"status-publish","4":"format-standard","5":"has-post-thumbnail","7":"category-saint-etienne","8":"tag-actu","9":"tag-actualites","10":"tag-auvergne-rhone-alpes","11":"tag-edition-loire-sud","12":"tag-elections-municipales","13":"tag-eu","14":"tag-europe","15":"tag-fr","16":"tag-france","17":"tag-news","18":"tag-politique","19":"tag-republique-francaise","20":"tag-saint-chamond","21":"tag-saint-chamond-ville","22":"tag-saint-etienne"},"share_on_mastodon":{"url":"https:\/\/pubeurope.com\/@fr\/115710752382681849","error":""},"_links":{"self":[{"href":"https:\/\/www.europesays.com\/fr\/wp-json\/wp\/v2\/posts\/596314","targetHints":{"allow":["GET"]}}],"collection":[{"href":"https:\/\/www.europesays.com\/fr\/wp-json\/wp\/v2\/posts"}],"about":[{"href":"https:\/\/www.europesays.com\/fr\/wp-json\/wp\/v2\/types\/post"}],"author":[{"embeddable":true,"href":"https:\/\/www.europesays.com\/fr\/wp-json\/wp\/v2\/users\/2"}],"replies":[{"embeddable":true,"href":"https:\/\/www.europesays.com\/fr\/wp-json\/wp\/v2\/comments?post=596314"}],"version-history":[{"count":0,"href":"https:\/\/www.europesays.com\/fr\/wp-json\/wp\/v2\/posts\/596314\/revisions"}],"wp:featuredmedia":[{"embeddable":true,"href":"https:\/\/www.europesays.com\/fr\/wp-json\/wp\/v2\/media\/596315"}],"wp:attachment":[{"href":"https:\/\/www.europesays.com\/fr\/wp-json\/wp\/v2\/media?parent=596314"}],"wp:term":[{"taxonomy":"category","embeddable":true,"href":"https:\/\/www.europesays.com\/fr\/wp-json\/wp\/v2\/categories?post=596314"},{"taxonomy":"post_tag","embeddable":true,"href":"https:\/\/www.europesays.com\/fr\/wp-json\/wp\/v2\/tags?post=596314"}],"curies":[{"name":"wp","href":"https:\/\/api.w.org\/{rel}","templated":true}]}}