{"id":596316,"date":"2025-12-13T06:06:53","date_gmt":"2025-12-13T06:06:53","guid":{"rendered":"https:\/\/www.europesays.com\/fr\/596316\/"},"modified":"2025-12-13T06:06:53","modified_gmt":"2025-12-13T06:06:53","slug":"je-ne-suis-pas-un-homme-de-conflit-la-page-est-tournee","status":"publish","type":"post","link":"https:\/\/www.europesays.com\/fr\/596316\/","title":{"rendered":"\u00ab\u00a0Je ne suis pas un homme de conflit, la page est tourn\u00e9e\u00a0\u00bb"},"content":{"rendered":"<blockquote class=\"question\"><p>Moins de vingt-quatre heures apr\u00e8s votre \u00e9lection, quel est votre \u00e9tat d\u2019esprit\u00a0?<\/p><\/blockquote>\n<p>\u00ab\u00a0Je suis dans un \u00e9tat d\u2019esprit de continuit\u00e9 parce qu\u2019on a pris un engagement en 2014, renouvel\u00e9 en 2020. L\u2019objectif jusqu\u2019\u00e0 la fin du mandat en mars\u00a02026\u00a0: c\u2019est la continuit\u00e9 des projets.\u00a0\u00bb<\/p>\n<blockquote class=\"question\"><p>Vous qui avez toujours cru \u00e0 l\u2019innocence de <a href=\"https:\/\/www.leprogres.fr\/p\/gael-perdriau\" target=\"_blank\" rel=\"noopener\">Ga\u00ebl Perdriau<\/a>, quel est votre sentiment apr\u00e8s cette condamnation et ces trois ann\u00e9es de mandat chaotiques\u00a0?<\/p><\/blockquote>\n<p>\u00ab\u00a0J\u2019ai cru en l\u2019innocence de Ga\u00ebl Perdriau parce qu\u2019il m\u2019a dit qu\u2019il l\u2019\u00e9tait. Le contrat qu\u2019on avait en 2014 \u00e9tait un contrat de confiance mutuel. Maintenant, je l\u2019ai dit depuis le d\u00e9but, il y a le Code civil et la pr\u00e9somption d\u2019innocence. Jusqu\u2019\u00e0 la fin du jugement, ce sera toujours la pr\u00e9somption d\u2019innocence. La fin de l\u2019appel, c\u2019est apr\u00e8s les appels, mais la page est tourn\u00e9e.\u00a0\u00bb<\/p>\n<blockquote class=\"question\"><p>Vous qui \u00e9tiez proche du maire, comment avez-vous v\u00e9cu cette situation\u00a0?<\/p><\/blockquote>\n<p>\u00ab\u00a0Je l\u2019ai mal v\u00e9cu parce que je ne suis pas un homme de conflit. Ce n\u2019est ni ma nature, ni ma culture. Je viens d\u2019une&#8230;<\/p>\n","protected":false},"excerpt":{"rendered":"Moins de vingt-quatre heures apr\u00e8s votre \u00e9lection, quel est votre \u00e9tat d\u2019esprit\u00a0? \u00ab\u00a0Je suis dans un \u00e9tat d\u2019esprit&hellip;\n","protected":false},"author":2,"featured_media":596317,"comment_status":"","ping_status":"","sticky":false,"template":"","format":"standard","meta":{"footnotes":""},"categories":[9653],"tags":[1111,11,42797,2430,1984,7539,4188,1777,674,1011,27,3367,12,316,25,4001,7538],"class_list":{"0":"post-596316","1":"post","2":"type-post","3":"status-publish","4":"format-standard","5":"has-post-thumbnail","7":"category-saint-etienne","8":"tag-actu","9":"tag-actualites","10":"tag-affaire-perdriau","11":"tag-auvergne-rhone-alpes","12":"tag-conseil-municipal","13":"tag-edition-loire-sud","14":"tag-elections-municipales","15":"tag-eu","16":"tag-europe","17":"tag-fr","18":"tag-france","19":"tag-loire","20":"tag-news","21":"tag-politique","22":"tag-republique-francaise","23":"tag-saint-etienne","24":"tag-saint-etienne-ville"},"share_on_mastodon":{"url":"https:\/\/pubeurope.com\/@fr\/115710764217387629","error":""},"_links":{"self":[{"href":"https:\/\/www.europesays.com\/fr\/wp-json\/wp\/v2\/posts\/596316","targetHints":{"allow":["GET"]}}],"collection":[{"href":"https:\/\/www.europesays.com\/fr\/wp-json\/wp\/v2\/posts"}],"about":[{"href":"https:\/\/www.europesays.com\/fr\/wp-json\/wp\/v2\/types\/post"}],"author":[{"embeddable":true,"href":"https:\/\/www.europesays.com\/fr\/wp-json\/wp\/v2\/users\/2"}],"replies":[{"embeddable":true,"href":"https:\/\/www.europesays.com\/fr\/wp-json\/wp\/v2\/comments?post=596316"}],"version-history":[{"count":0,"href":"https:\/\/www.europesays.com\/fr\/wp-json\/wp\/v2\/posts\/596316\/revisions"}],"wp:featuredmedia":[{"embeddable":true,"href":"https:\/\/www.europesays.com\/fr\/wp-json\/wp\/v2\/media\/596317"}],"wp:attachment":[{"href":"https:\/\/www.europesays.com\/fr\/wp-json\/wp\/v2\/media?parent=596316"}],"wp:term":[{"taxonomy":"category","embeddable":true,"href":"https:\/\/www.europesays.com\/fr\/wp-json\/wp\/v2\/categories?post=596316"},{"taxonomy":"post_tag","embeddable":true,"href":"https:\/\/www.europesays.com\/fr\/wp-json\/wp\/v2\/tags?post=596316"}],"curies":[{"name":"wp","href":"https:\/\/api.w.org\/{rel}","templated":true}]}}